{"id":5588,"date":"2025-07-24T15:57:54","date_gmt":"2025-07-24T13:57:54","guid":{"rendered":"https:\/\/www.cislferrara.it\/?p=5588"},"modified":"2025-07-24T15:57:54","modified_gmt":"2025-07-24T13:57:54","slug":"parcheggi-rincari-ingiustificati-una-stangata-per-cittadini-e-lavoratori","status":"publish","type":"post","link":"https:\/\/www.cislferrara.it\/fr\/parcheggi-rincari-ingiustificati-una-stangata-per-cittadini-e-lavoratori\/","title":{"rendered":"Stationnement, augmentations de prix injustifi\u00e9es : un coup dur pour les citoyens et les travailleurs"},"content":{"rendered":"<h2 style=\"text-align: center;\">Stationnement, augmentations de prix injustifi\u00e9es : un coup dur pour les citoyens et les travailleurs<br \/>\nUne d\u00e9cision qui affecte le droit \u00e0 la mobilit\u00e9 et p\u00e9nalise le commerce local doit \u00eatre imm\u00e9diatement revue.<\/h2>\n<p>Les r\u00e9centes augmentations des tarifs de stationnement dans notre ville constituent un coup dur pour les travailleurs, hommes et femmes, et les citoyens qui doivent acc\u00e9der quotidiennement au centre historique pour le travail, les soins de sant\u00e9, les besoins administratifs ou simplement pour soutenir les entreprises locales.<br \/>\nCes augmentations, qui d\u00e9passent parfois largement les deux chiffres, sont totalement hors de proportion avec l&#039;inflation actuelle et paraissent donc totalement injustifi\u00e9es. Cela est d&#039;autant plus vrai que l&#039;entreprise publique charg\u00e9e de la gestion du stationnement b\u00e9n\u00e9ficie d&#039;une situation financi\u00e8re solide, avec des comptes en ordre et aucune urgence r\u00e9elle ne justifiant une telle charge financi\u00e8re pour les usagers.<br \/>\nCes augmentations indiscrimin\u00e9es p\u00e8sent non seulement sur les poches des habitants d\u00e9j\u00e0 mis \u00e0 rude \u00e9preuve par le co\u00fbt \u00e9lev\u00e9 de la vie, mais risquent aussi de compromettre gravement l\u2019accessibilit\u00e9 au centre-ville, nuisant aux travailleurs et au tissu commercial local, \u00e0 un moment o\u00f9 la fr\u00e9quentation et la qualit\u00e9 de vie dans les espaces urbains devraient \u00eatre encourag\u00e9es.<br \/>\nNous exhortons l\u2019administration municipale et l\u2019entreprise responsable \u00e0 examiner concr\u00e8tement et de mani\u00e8re transparente la d\u00e9cision qui a conduit \u00e0 ces augmentations de prix et \u00e0 entamer un v\u00e9ritable dialogue avec les repr\u00e9sentants des citoyens, des entreprises et du march\u00e9 du travail.<br \/>\nDans un climat \u00e9conomique difficile, on ne peut pas penser \u00e0 lever des fonds en frappant ceux qui travaillent, ceux qui vivent et ceux qui font vivre la ville.<\/p>\n<p>CGIL CISL UIL Ferrare<\/p>\n<p>Ferrare, le 24 juillet 2025<\/p>","protected":false},"excerpt":{"rendered":"<p>Parcheggi, rincari ingiustificati: una stangata per cittadini e lavoratori Si riveda subito una scelta che colpisce il diritto alla mobilit\u00e0\u00a0 e penalizza il commercio locale I recenti aumenti delle tariffe&#8230;<\/p>","protected":false},"author":6,"featured_media":5590,"comment_status":"closed","ping_status":"closed","sticky":false,"template":"","format":"standard","meta":{"footnotes":""},"categories":[19],"tags":[464,461,462,463],"class_list":{"0":"post-5588","1":"post","2":"type-post","3":"status-publish","4":"format-standard","5":"has-post-thumbnail","7":"category-cisl-ferrara","8":"tag-mobilita","9":"tag-parcheggi","10":"tag-parchimetro","11":"tag-rincaro"},"_links":{"self":[{"href":"https:\/\/www.cislferrara.it\/fr\/wp-json\/wp\/v2\/posts\/5588","targetHints":{"allow":["GET"]}}],"collection":[{"href":"https:\/\/www.cislferrara.it\/fr\/wp-json\/wp\/v2\/posts"}],"about":[{"href":"https:\/\/www.cislferrara.it\/fr\/wp-json\/wp\/v2\/types\/post"}],"author":[{"embeddable":true,"href":"https:\/\/www.cislferrara.it\/fr\/wp-json\/wp\/v2\/users\/6"}],"replies":[{"embeddable":true,"href":"https:\/\/www.cislferrara.it\/fr\/wp-json\/wp\/v2\/comments?post=5588"}],"version-history":[{"count":1,"href":"https:\/\/www.cislferrara.it\/fr\/wp-json\/wp\/v2\/posts\/5588\/revisions"}],"predecessor-version":[{"id":5591,"href":"https:\/\/www.cislferrara.it\/fr\/wp-json\/wp\/v2\/posts\/5588\/revisions\/5591"}],"wp:featuredmedia":[{"embeddable":true,"href":"https:\/\/www.cislferrara.it\/fr\/wp-json\/wp\/v2\/media\/5590"}],"wp:attachment":[{"href":"https:\/\/www.cislferrara.it\/fr\/wp-json\/wp\/v2\/media?parent=5588"}],"wp:term":[{"taxonomy":"category","embeddable":true,"href":"https:\/\/www.cislferrara.it\/fr\/wp-json\/wp\/v2\/categories?post=5588"},{"taxonomy":"post_tag","embeddable":true,"href":"https:\/\/www.cislferrara.it\/fr\/wp-json\/wp\/v2\/tags?post=5588"}],"curies":[{"name":"wp","href":"https:\/\/api.w.org\/{rel}","templated":true}]}}