{"id":5580,"date":"2025-07-17T09:16:15","date_gmt":"2025-07-17T07:16:15","guid":{"rendered":"https:\/\/www.cislferrara.it\/?p=5580"},"modified":"2025-07-17T09:16:15","modified_gmt":"2025-07-17T07:16:15","slug":"la-sicurezza-prima-di-tutto","status":"publish","type":"post","link":"https:\/\/www.cislferrara.it\/fr\/la-sicurezza-prima-di-tutto\/","title":{"rendered":"La s\u00e9curit\u00e9 avant tout"},"content":{"rendered":"<div dir=\"auto\"><a href=\"https:\/\/www.cislferrara.it\/wp-content\/uploads\/2025\/07\/LogoFAI_CISL_green.png\"><img loading=\"lazy\" decoding=\"async\" class=\"alignnone size-medium wp-image-5582\" src=\"https:\/\/www.cislferrara.it\/wp-content\/uploads\/2025\/07\/LogoFAI_CISL_green-300x86.png\" alt=\"\" width=\"300\" height=\"86\" srcset=\"https:\/\/www.cislferrara.it\/wp-content\/uploads\/2025\/07\/LogoFAI_CISL_green-300x86.png 300w, https:\/\/www.cislferrara.it\/wp-content\/uploads\/2025\/07\/LogoFAI_CISL_green-18x5.png 18w, https:\/\/www.cislferrara.it\/wp-content\/uploads\/2025\/07\/LogoFAI_CISL_green.png 393w\" sizes=\"auto, (max-width: 300px) 100vw, 300px\" \/><\/a><\/div>\n<div dir=\"auto\">La Fai Cisl pr\u00e9sente ses condol\u00e9ances pour l&#039;\u00e9v\u00e9nement dramatique survenu le 14 juillet, qui a vu une jeune ouvri\u00e8re agricole impliqu\u00e9e dans un tragique accident du travail dans l&#039;entreprise Salvi, qui a perdu la vie.<\/div>\n<div dir=\"auto\">\u00c0 la lumi\u00e8re de cette derni\u00e8re trag\u00e9die, nous r\u00e9it\u00e9rons la n\u00e9cessit\u00e9 d\u2019un renforcement des inspections des entreprises par les autorit\u00e9s comp\u00e9tentes, mais nous devons \u00e9galement nous concentrer sur la formation des travailleurs, pas seulement la formation obligatoire, mais la formation continue.<\/div>\n<div dir=\"auto\">Les syndicats et les organisations patronales sont tr\u00e8s sensibles \u00e0 cette question, ce qui se refl\u00e8te \u00e9galement dans les activit\u00e9s men\u00e9es avec l&#039;organisation bilat\u00e9rale dont nous sommes tous membres. Cependant, nous devons \u0153uvrer pour une culture de la s\u00e9curit\u00e9\u00a0; c&#039;est pourquoi, outre la formation des travailleurs, nous devons commencer \u00e0 aborder la s\u00e9curit\u00e9 au travail dans les \u00e9coles.<\/div>\n<div dir=\"auto\">La formation doit \u00eatre vue comme un investissement et non comme un co\u00fbt pour les entreprises et comme un \u00e9panouissement professionnel pour les travailleurs, m\u00eame ceux ayant une grande exp\u00e9rience, car il ne faut jamais baisser la garde,<\/div>\n<div dir=\"auto\">\u00ab La s\u00e9curit\u00e9 avant tout \u00bb<\/div>\n<div dir=\"auto\"><\/div>","protected":false},"excerpt":{"rendered":"<p>La Fai Cisl esprime cordoglio per il drammatico fatto accaduto il 14 Luglio, che ha visto coinvolta in un tragico infortunio sul lavoro, presso l\u2019azienda Salvi, una giovane bracciante, che&#8230;<\/p>","protected":false},"author":6,"featured_media":5581,"comment_status":"closed","ping_status":"closed","sticky":false,"template":"","format":"standard","meta":{"footnotes":""},"categories":[15],"tags":[460,314,273],"class_list":{"0":"post-5580","1":"post","2":"type-post","3":"status-publish","4":"format-standard","5":"has-post-thumbnail","7":"category-fai","8":"tag-cordoglio","9":"tag-fai","10":"tag-sicurezza"},"_links":{"self":[{"href":"https:\/\/www.cislferrara.it\/fr\/wp-json\/wp\/v2\/posts\/5580","targetHints":{"allow":["GET"]}}],"collection":[{"href":"https:\/\/www.cislferrara.it\/fr\/wp-json\/wp\/v2\/posts"}],"about":[{"href":"https:\/\/www.cislferrara.it\/fr\/wp-json\/wp\/v2\/types\/post"}],"author":[{"embeddable":true,"href":"https:\/\/www.cislferrara.it\/fr\/wp-json\/wp\/v2\/users\/6"}],"replies":[{"embeddable":true,"href":"https:\/\/www.cislferrara.it\/fr\/wp-json\/wp\/v2\/comments?post=5580"}],"version-history":[{"count":1,"href":"https:\/\/www.cislferrara.it\/fr\/wp-json\/wp\/v2\/posts\/5580\/revisions"}],"predecessor-version":[{"id":5583,"href":"https:\/\/www.cislferrara.it\/fr\/wp-json\/wp\/v2\/posts\/5580\/revisions\/5583"}],"wp:featuredmedia":[{"embeddable":true,"href":"https:\/\/www.cislferrara.it\/fr\/wp-json\/wp\/v2\/media\/5581"}],"wp:attachment":[{"href":"https:\/\/www.cislferrara.it\/fr\/wp-json\/wp\/v2\/media?parent=5580"}],"wp:term":[{"taxonomy":"category","embeddable":true,"href":"https:\/\/www.cislferrara.it\/fr\/wp-json\/wp\/v2\/categories?post=5580"},{"taxonomy":"post_tag","embeddable":true,"href":"https:\/\/www.cislferrara.it\/fr\/wp-json\/wp\/v2\/tags?post=5580"}],"curies":[{"name":"wp","href":"https:\/\/api.w.org\/{rel}","templated":true}]}}