{"id":4920,"date":"2025-04-08T09:39:55","date_gmt":"2025-04-08T07:39:55","guid":{"rendered":"https:\/\/www.cislferrara.it\/?p=4920"},"modified":"2025-05-22T14:10:56","modified_gmt":"2025-05-22T12:10:56","slug":"xii-congresso-cisl-ferrara","status":"publish","type":"post","link":"https:\/\/www.cislferrara.it\/fr\/xii-congresso-cisl-ferrara\/","title":{"rendered":"XIIe Congr\u00e8s de la CISL \u00e0 Ferrare"},"content":{"rendered":"<div id=\"fws_69f59cb87bee9\"  data-column-margin=\"default\" data-midnight=\"dark\"  class=\"wpb_row vc_row-fluid vc_row\"  style=\"padding-top: 0px; padding-bottom: 0px; \"><div class=\"row-bg-wrap\" data-bg-animation=\"none\" data-bg-animation-delay=\"\" data-bg-overlay=\"false\"><div class=\"inner-wrap row-bg-layer\" ><div class=\"row-bg viewport-desktop\"  style=\"\"><\/div><\/div><\/div><div class=\"row_col_wrap_12 col span_12 dark left\">\n\t<div  class=\"vc_col-sm-12 wpb_column column_container vc_column_container col no-extra-padding inherit_tablet inherit_phone\"  data-padding-pos=\"all\" data-has-bg-color=\"false\" data-bg-color=\"\" data-bg-opacity=\"1\" data-animation=\"\" data-delay=\"0\" >\n\t\t<div class=\"vc_column-inner\" >\n\t\t\t<div class=\"wpb_wrapper\">\n\t\t\t\t\n<div class=\"wpb_text_column wpb_content_element\" >\n\t<h3 style=\"text-align: center;\"><i>Lisez les rapports du XIIe Congr\u00e8s UST CISL de Ferrare\u00a0<\/i><\/h3>\n<p style=\"text-align: center;\">(Actif du 16 au 17 avril 2025)<\/p>\n<h4 style=\"text-align: center;\">#Le courage de la participation<\/h4>\n<\/div>\n\n\n\n\n\t\t\t<\/div> \n\t\t<\/div>\n\t<\/div> \n<\/div><\/div>\n\t\t<div id=\"fws_69f59cb87c9ca\"  data-column-margin=\"default\" data-midnight=\"dark\"  class=\"wpb_row vc_row-fluid vc_row\"  style=\"padding-top: 0px; padding-bottom: 0px; \"><div class=\"row-bg-wrap\" data-bg-animation=\"none\" data-bg-animation-delay=\"\" data-bg-overlay=\"false\"><div class=\"inner-wrap row-bg-layer\" ><div class=\"row-bg viewport-desktop\"  style=\"\"><\/div><\/div><\/div><div class=\"row_col_wrap_12 col span_12 dark left\">\n\t<div  class=\"vc_col-sm-4 wpb_column column_container vc_column_container col no-extra-padding inherit_tablet inherit_phone\"  data-padding-pos=\"all\" data-has-bg-color=\"false\" data-bg-color=\"\" data-bg-opacity=\"1\" data-animation=\"\" data-delay=\"0\" >\n\t\t<div class=\"vc_column-inner\" >\n\t\t\t<div class=\"wpb_wrapper\">\n\t\t\t\t<a class=\"nectar-button jumbo regular accent-color  regular-button\"  role=\"button\" style=\"\"  href=\"https:\/\/www.cislferrara.it\/wp-content\/uploads\/2025\/04\/Relazione-XII-Congresso-Cisl-Ferrara.pdf\" data-color-override=\"false\" data-hover-color-override=\"false\" data-hover-text-color-override=\"#fff\"><span>Rapport du secr\u00e9taire Giuseppe Tagliavia<\/span><\/a>\n\t\t\t<\/div> \n\t\t<\/div>\n\t<\/div> \n\n\t<div  class=\"vc_col-sm-4 wpb_column column_container vc_column_container col no-extra-padding inherit_tablet inherit_phone\"  data-padding-pos=\"all\" data-has-bg-color=\"false\" data-bg-color=\"\" data-bg-opacity=\"1\" data-animation=\"\" data-delay=\"0\" >\n\t\t<div class=\"vc_column-inner\" >\n\t\t\t<div class=\"wpb_wrapper\">\n\t\t\t\t<a class=\"nectar-button jumbo regular accent-color  regular-button\"  role=\"button\" style=\"\"  href=\"https:\/\/www.cislferrara.it\/wp-content\/uploads\/2025\/04\/Testo-relazione-A.B.-in-versione-articolo-x-Newsletter-CDS.pdf\" data-color-override=\"false\" data-hover-color-override=\"false\" data-hover-text-color-override=\"#fff\"><span>Rapport du professeur Aurelio Bruzzo<\/span><\/a>\n\t\t\t<\/div> \n\t\t<\/div>\n\t<\/div> \n\n\t<div  class=\"vc_col-sm-4 wpb_column column_container vc_column_container col no-extra-padding inherit_tablet inherit_phone\"  data-padding-pos=\"all\" data-has-bg-color=\"false\" data-bg-color=\"\" data-bg-opacity=\"1\" data-animation=\"\" data-delay=\"0\" >\n\t\t<div class=\"vc_column-inner\" >\n\t\t\t<div class=\"wpb_wrapper\">\n\t\t\t\t<a class=\"nectar-button jumbo regular accent-color  regular-button\"  role=\"button\" style=\"\"  href=\"https:\/\/www.cislferrara.it\/wp-content\/uploads\/2025\/04\/RELAZIONE-DIPARTIMENTO-POLITICHE-SOCIALI-E-COORDINAMENTO-DONNE.pdf\" data-color-override=\"false\" data-hover-color-override=\"false\" data-hover-text-color-override=\"#fff\"><span>Rapport du D\u00e9partement des politiques sociales et de la coordination des femmes<\/span><\/a>\n\t\t\t<\/div> \n\t\t<\/div>\n\t<\/div> \n<\/div><\/div>\n\t\t<div id=\"fws_69f59cb87dca8\"  data-column-margin=\"default\" data-midnight=\"dark\"  class=\"wpb_row vc_row-fluid vc_row\"  style=\"padding-top: 0px; padding-bottom: 0px; \"><div class=\"row-bg-wrap\" data-bg-animation=\"none\" data-bg-animation-delay=\"\" data-bg-overlay=\"false\"><div class=\"inner-wrap row-bg-layer\" ><div class=\"row-bg viewport-desktop\"  style=\"\"><\/div><\/div><\/div><div class=\"row_col_wrap_12 col span_12 dark left\">\n\t<div  class=\"vc_col-sm-12 wpb_column column_container vc_column_container col no-extra-padding inherit_tablet inherit_phone\"  data-padding-pos=\"all\" data-has-bg-color=\"false\" data-bg-color=\"\" data-bg-opacity=\"1\" data-animation=\"\" data-delay=\"0\" >\n\t\t<div class=\"vc_column-inner\" >\n\t\t\t<div class=\"wpb_wrapper\">\n\t\t\t\t<div class=\"img-with-aniamtion-wrap center\" data-max-width=\"100%\" data-max-width-mobile=\"default\" data-shadow=\"none\" data-animation=\"none\" >\n      <div class=\"inner\">\n        <div class=\"hover-wrap\"> \n          <div class=\"hover-wrap-inner\">\n            <img loading=\"lazy\" decoding=\"async\" class=\"img-with-animation skip-lazy\" data-delay=\"0\" height=\"500\" width=\"500\" data-animation=\"none\" src=\"https:\/\/www.cislferrara.it\/wp-content\/uploads\/2025\/04\/Logo_XII_congresso_Cisl_Ferrara.png\" alt=\"\" srcset=\"https:\/\/www.cislferrara.it\/wp-content\/uploads\/2025\/04\/Logo_XII_congresso_Cisl_Ferrara.png 500w, https:\/\/www.cislferrara.it\/wp-content\/uploads\/2025\/04\/Logo_XII_congresso_Cisl_Ferrara-300x300.png 300w, https:\/\/www.cislferrara.it\/wp-content\/uploads\/2025\/04\/Logo_XII_congresso_Cisl_Ferrara-150x150.png 150w, https:\/\/www.cislferrara.it\/wp-content\/uploads\/2025\/04\/Logo_XII_congresso_Cisl_Ferrara-12x12.png 12w, https:\/\/www.cislferrara.it\/wp-content\/uploads\/2025\/04\/Logo_XII_congresso_Cisl_Ferrara-140x140.png 140w, https:\/\/www.cislferrara.it\/wp-content\/uploads\/2025\/04\/Logo_XII_congresso_Cisl_Ferrara-100x100.png 100w, https:\/\/www.cislferrara.it\/wp-content\/uploads\/2025\/04\/Logo_XII_congresso_Cisl_Ferrara-350x350.png 350w\" sizes=\"auto, (max-width: 500px) 100vw, 500px\" \/>\n          <\/div>\n        <\/div>\n        \n      <\/div>\n    <\/div>\n\t\t\t<\/div> \n\t\t<\/div>\n\t<\/div> \n<\/div><\/div>","protected":false},"excerpt":{"rendered":"Lisez les rapports du XIIe Congr\u00e8s UST CISL de Ferrare (Actif du 16 au 17 avril 2025) #ilCoraggiodellaPartecipazione Rapport du Secr\u00e9taire Giuseppe Tagliavia Rapport du Professeur Aurelio Bruzzo Rapport du D\u00e9partement des Politiques Sociales et...","protected":false},"author":6,"featured_media":4926,"comment_status":"closed","ping_status":"closed","sticky":false,"template":"","format":"standard","meta":{"footnotes":""},"categories":[19,25],"tags":[435,440,433,436,438,379,439,437,143,434],"class_list":{"0":"post-4920","1":"post","2":"type-post","3":"status-publish","4":"format-standard","5":"has-post-thumbnail","7":"category-cisl-ferrara","8":"category-parola-al-segretario","9":"tag-16-17-aprile","10":"tag-bruzzo","11":"tag-congresso","12":"tag-coraggio","13":"tag-giuste","14":"tag-partecipazione","15":"tag-relazione","16":"tag-scelte","17":"tag-tagliavia","18":"tag-ust"},"_links":{"self":[{"href":"https:\/\/www.cislferrara.it\/fr\/wp-json\/wp\/v2\/posts\/4920","targetHints":{"allow":["GET"]}}],"collection":[{"href":"https:\/\/www.cislferrara.it\/fr\/wp-json\/wp\/v2\/posts"}],"about":[{"href":"https:\/\/www.cislferrara.it\/fr\/wp-json\/wp\/v2\/types\/post"}],"author":[{"embeddable":true,"href":"https:\/\/www.cislferrara.it\/fr\/wp-json\/wp\/v2\/users\/6"}],"replies":[{"embeddable":true,"href":"https:\/\/www.cislferrara.it\/fr\/wp-json\/wp\/v2\/comments?post=4920"}],"version-history":[{"count":15,"href":"https:\/\/www.cislferrara.it\/fr\/wp-json\/wp\/v2\/posts\/4920\/revisions"}],"predecessor-version":[{"id":5015,"href":"https:\/\/www.cislferrara.it\/fr\/wp-json\/wp\/v2\/posts\/4920\/revisions\/5015"}],"wp:featuredmedia":[{"embeddable":true,"href":"https:\/\/www.cislferrara.it\/fr\/wp-json\/wp\/v2\/media\/4926"}],"wp:attachment":[{"href":"https:\/\/www.cislferrara.it\/fr\/wp-json\/wp\/v2\/media?parent=4920"}],"wp:term":[{"taxonomy":"category","embeddable":true,"href":"https:\/\/www.cislferrara.it\/fr\/wp-json\/wp\/v2\/categories?post=4920"},{"taxonomy":"post_tag","embeddable":true,"href":"https:\/\/www.cislferrara.it\/fr\/wp-json\/wp\/v2\/tags?post=4920"}],"curies":[{"name":"wp","href":"https:\/\/api.w.org\/{rel}","templated":true}]}}