{"id":4894,"date":"2025-01-29T11:30:29","date_gmt":"2025-01-29T10:30:29","guid":{"rendered":"https:\/\/www.cislferrara.it\/staging\/?p=4894"},"modified":"2025-02-26T11:30:41","modified_gmt":"2025-02-26T10:30:41","slug":"il-coraggio-della-partecipazione","status":"publish","type":"post","link":"https:\/\/www.cislferrara.it\/fr\/il-coraggio-della-partecipazione\/","title":{"rendered":"Le courage de la participation"},"content":{"rendered":"<h2 style=\"text-align: center;\">LE COURAGE DE LA PARTICIPATION<\/h2>\n<h3 style=\"text-align: center;\"><em>Assembl\u00e9e nationale des gestionnaires et d\u00e9l\u00e9gu\u00e9s<\/em><\/h3>\n<p><a href=\"https:\/\/www.cislferrara.it\/wp-content\/uploads\/2025\/02\/volantino.png\"><img loading=\"lazy\" decoding=\"async\" class=\"alignright wp-image-4895 size-full\" src=\"https:\/\/www.cislferrara.it\/wp-content\/uploads\/2025\/02\/volantino.png\" alt=\"\" width=\"1500\" height=\"1875\" srcset=\"https:\/\/www.cislferrara.it\/wp-content\/uploads\/2025\/02\/volantino.png 1500w, https:\/\/www.cislferrara.it\/wp-content\/uploads\/2025\/02\/volantino-240x300.png 240w, https:\/\/www.cislferrara.it\/wp-content\/uploads\/2025\/02\/volantino-819x1024.png 819w, https:\/\/www.cislferrara.it\/wp-content\/uploads\/2025\/02\/volantino-768x960.png 768w, https:\/\/www.cislferrara.it\/wp-content\/uploads\/2025\/02\/volantino-1229x1536.png 1229w\" sizes=\"auto, (max-width: 1500px) 100vw, 1500px\" \/><\/a><\/p>","protected":false},"excerpt":{"rendered":"<p>LE COURAGE DE LA PARTICIPATION Assembl\u00e9e nationale des ex\u00e9cutifs et des d\u00e9l\u00e9gu\u00e9s<\/p>","protected":false},"author":5,"featured_media":4896,"comment_status":"closed","ping_status":"closed","sticky":false,"template":"","format":"standard","meta":{"footnotes":""},"categories":[19],"tags":[428,270,429,430,431,432],"class_list":{"0":"post-4894","1":"post","2":"type-post","3":"status-publish","4":"format-standard","5":"has-post-thumbnail","7":"category-cisl-ferrara","8":"tag-11-febbraio","9":"tag-assemblea","10":"tag-auditorium","11":"tag-delegati","12":"tag-quadri","13":"tag-roma"},"_links":{"self":[{"href":"https:\/\/www.cislferrara.it\/fr\/wp-json\/wp\/v2\/posts\/4894","targetHints":{"allow":["GET"]}}],"collection":[{"href":"https:\/\/www.cislferrara.it\/fr\/wp-json\/wp\/v2\/posts"}],"about":[{"href":"https:\/\/www.cislferrara.it\/fr\/wp-json\/wp\/v2\/types\/post"}],"author":[{"embeddable":true,"href":"https:\/\/www.cislferrara.it\/fr\/wp-json\/wp\/v2\/users\/5"}],"replies":[{"embeddable":true,"href":"https:\/\/www.cislferrara.it\/fr\/wp-json\/wp\/v2\/comments?post=4894"}],"version-history":[{"count":1,"href":"https:\/\/www.cislferrara.it\/fr\/wp-json\/wp\/v2\/posts\/4894\/revisions"}],"predecessor-version":[{"id":4897,"href":"https:\/\/www.cislferrara.it\/fr\/wp-json\/wp\/v2\/posts\/4894\/revisions\/4897"}],"wp:featuredmedia":[{"embeddable":true,"href":"https:\/\/www.cislferrara.it\/fr\/wp-json\/wp\/v2\/media\/4896"}],"wp:attachment":[{"href":"https:\/\/www.cislferrara.it\/fr\/wp-json\/wp\/v2\/media?parent=4894"}],"wp:term":[{"taxonomy":"category","embeddable":true,"href":"https:\/\/www.cislferrara.it\/fr\/wp-json\/wp\/v2\/categories?post=4894"},{"taxonomy":"post_tag","embeddable":true,"href":"https:\/\/www.cislferrara.it\/fr\/wp-json\/wp\/v2\/tags?post=4894"}],"curies":[{"name":"wp","href":"https:\/\/api.w.org\/{rel}","templated":true}]}}