{"id":4394,"date":"2024-06-06T10:07:38","date_gmt":"2024-06-06T08:07:38","guid":{"rendered":"https:\/\/www.cislferrara.it\/?p=4394"},"modified":"2024-06-06T10:08:10","modified_gmt":"2024-06-06T08:08:10","slug":"fisascat-comunicato-stampa-6","status":"publish","type":"post","link":"https:\/\/www.cislferrara.it\/fr\/fisascat-comunicato-stampa-6\/","title":{"rendered":"Fisascat : Communiqu\u00e9 de presse"},"content":{"rendered":"<h3 style=\"text-align: left;\"><a href=\"https:\/\/www.cislferrara.it\/wp-content\/uploads\/2024\/02\/Logo_Fisascat.png\"><img loading=\"lazy\" decoding=\"async\" class=\"alignnone wp-image-4306\" src=\"https:\/\/www.cislferrara.it\/wp-content\/uploads\/2024\/02\/Logo_Fisascat.png\" alt=\"\" width=\"356\" height=\"111\" srcset=\"https:\/\/www.cislferrara.it\/wp-content\/uploads\/2024\/02\/Logo_Fisascat.png 1852w, https:\/\/www.cislferrara.it\/wp-content\/uploads\/2024\/02\/Logo_Fisascat-300x94.png 300w, https:\/\/www.cislferrara.it\/wp-content\/uploads\/2024\/02\/Logo_Fisascat-1024x320.png 1024w, https:\/\/www.cislferrara.it\/wp-content\/uploads\/2024\/02\/Logo_Fisascat-768x240.png 768w, https:\/\/www.cislferrara.it\/wp-content\/uploads\/2024\/02\/Logo_Fisascat-1536x480.png 1536w\" sizes=\"auto, (max-width: 356px) 100vw, 356px\" \/><\/a><\/h3>\n<h3 style=\"text-align: center;\">Renouvellement de la Convention Collective Nationale de Travail des \u00c9tablissements Publics, de la Restauration Collective, du Commerce et du Tourisme<\/h3>\n<p><strong>Guarini : \u00ab Avec cet accord, nous intervenons sur la r\u00e9cup\u00e9ration du pouvoir d&#039;achat de plus d&#039;un million de travailleurs tout en d\u00e9finissant une avanc\u00e9e de la l\u00e9gislation coh\u00e9rente avec l&#039;\u00e9volution du secteur \u00bb<\/strong><\/p>\n<p><strong>Rome, le 5 juin 2024 \u2013 <\/strong>\u00ab Avec l&#039;accord sign\u00e9 aujourd&#039;hui, nous agissons enfin pour restaurer le pouvoir d&#039;achat de plus d&#039;un million de travailleurs des \u00e9tablissements publics, de la restauration collective, du commerce et du tourisme, en attente d&#039;une augmentation \u00e9conomique \u00e0 partir de 2021, ann\u00e9e d&#039;expiration du pr\u00e9c\u00e9dent contrat, tout en d\u00e9finissant une \u00e9volution l\u00e9gislative coh\u00e9rente avec l&#039;\u00e9volution du secteur. \u00bb C&#039;est ainsi que le secr\u00e9taire g\u00e9n\u00e9ral de Fisascat Cisl, Davide Guarini, commente l&#039;accord conclu aujourd&#039;hui avec les organisations patronales du secteur Fipe Confcommercio, Legacoop Produzione e Servizi, Confcooperative Lavoro e Servizi et Agci Servizi.<\/p>\n<p>Le secr\u00e9taire national de la f\u00e9d\u00e9ration CISL, Diego Lorenzi, s&#039;est fait l&#039;\u00e9cho de ses propos, occup\u00e9 \u00e0 la table des n\u00e9gociations. \u00ab Avec ce renouvellement \u00bb, a d\u00e9clar\u00e9 le repr\u00e9sentant syndical, \u00ab nous pensons avoir apport\u00e9 des r\u00e9ponses appr\u00e9ciables, non seulement d&#039;un point de vue \u00e9conomique, mais aussi r\u00e9glementaire, avec le renforcement des institutions sociales et de base r\u00e9gissant la relation de travail, telles que les articles 13 et 14, la protection de la parentalit\u00e9 et la lutte contre le harc\u00e8lement au travail, d\u00e9fendant la dignit\u00e9 des travailleurs du secteur et du secteur lui-m\u00eame. \u00bb \u00ab Notre espoir \u00bb, a-t-il conclu, \u00ab est de finaliser, avec les autres associations patronales, les renouvellements contractuels attendus dans le macro-secteur du tourisme, o\u00f9 des centaines de milliers d&#039;autres travailleurs de l&#039;h\u00f4tellerie, de la restauration, du tourisme et des agences de voyages attendent des r\u00e9ponses \u00e9conomiques et r\u00e9glementaires. \u00bb<\/p>\n<p>R\u00e9daction :\u00a0<a href=\"https:\/\/fisascat.it\/presentazione\" target=\"_blank\" rel=\"noopener\">Fisascat Cisl<\/a><\/p>","protected":false},"excerpt":{"rendered":"<p>Renouvellement de la Convention Collective Nationale des \u00c9tablissements Publics, de la Restauration Collective, du Commerce et du Tourisme Guarini : \u00ab L&#039;accord contribuera \u00e0 restaurer le pouvoir d&#039;achat de plus d&#039;un million de travailleurs en d\u00e9finissant\u2026<\/p>","protected":false},"author":3,"featured_media":4395,"comment_status":"closed","ping_status":"closed","sticky":false,"template":"","format":"standard","meta":{"footnotes":""},"categories":[1,8],"tags":[401,178,419,384],"class_list":{"0":"post-4394","1":"post","2":"type-post","3":"status-publish","4":"format-standard","5":"has-post-thumbnail","7":"category-area-stampa","8":"category-fisascat","9":"tag-comunicato-stampa","10":"tag-fisascat","11":"tag-pubblici-esercenti","12":"tag-turismo"},"_links":{"self":[{"href":"https:\/\/www.cislferrara.it\/fr\/wp-json\/wp\/v2\/posts\/4394","targetHints":{"allow":["GET"]}}],"collection":[{"href":"https:\/\/www.cislferrara.it\/fr\/wp-json\/wp\/v2\/posts"}],"about":[{"href":"https:\/\/www.cislferrara.it\/fr\/wp-json\/wp\/v2\/types\/post"}],"author":[{"embeddable":true,"href":"https:\/\/www.cislferrara.it\/fr\/wp-json\/wp\/v2\/users\/3"}],"replies":[{"embeddable":true,"href":"https:\/\/www.cislferrara.it\/fr\/wp-json\/wp\/v2\/comments?post=4394"}],"version-history":[{"count":1,"href":"https:\/\/www.cislferrara.it\/fr\/wp-json\/wp\/v2\/posts\/4394\/revisions"}],"predecessor-version":[{"id":4396,"href":"https:\/\/www.cislferrara.it\/fr\/wp-json\/wp\/v2\/posts\/4394\/revisions\/4396"}],"wp:featuredmedia":[{"embeddable":true,"href":"https:\/\/www.cislferrara.it\/fr\/wp-json\/wp\/v2\/media\/4395"}],"wp:attachment":[{"href":"https:\/\/www.cislferrara.it\/fr\/wp-json\/wp\/v2\/media?parent=4394"}],"wp:term":[{"taxonomy":"category","embeddable":true,"href":"https:\/\/www.cislferrara.it\/fr\/wp-json\/wp\/v2\/categories?post=4394"},{"taxonomy":"post_tag","embeddable":true,"href":"https:\/\/www.cislferrara.it\/fr\/wp-json\/wp\/v2\/tags?post=4394"}],"curies":[{"name":"wp","href":"https:\/\/api.w.org\/{rel}","templated":true}]}}