{"id":4390,"date":"2024-05-27T15:17:16","date_gmt":"2024-05-27T13:17:16","guid":{"rendered":"https:\/\/www.cislferrara.it\/?p=4390"},"modified":"2024-05-27T15:17:16","modified_gmt":"2024-05-27T13:17:16","slug":"fisascat-comunicato-stampa-5","status":"publish","type":"post","link":"https:\/\/www.cislferrara.it\/fr\/fisascat-comunicato-stampa-5\/","title":{"rendered":"Fisascat : Communiqu\u00e9 de presse"},"content":{"rendered":"<p><a href=\"https:\/\/www.cislferrara.it\/wp-content\/uploads\/2024\/02\/Logo_Fisascat.png\"><img loading=\"lazy\" decoding=\"async\" class=\"alignnone  wp-image-4306\" src=\"https:\/\/www.cislferrara.it\/wp-content\/uploads\/2024\/02\/Logo_Fisascat.png\" alt=\"\" width=\"381\" height=\"119\" srcset=\"https:\/\/www.cislferrara.it\/wp-content\/uploads\/2024\/02\/Logo_Fisascat.png 1852w, https:\/\/www.cislferrara.it\/wp-content\/uploads\/2024\/02\/Logo_Fisascat-300x94.png 300w, https:\/\/www.cislferrara.it\/wp-content\/uploads\/2024\/02\/Logo_Fisascat-1024x320.png 1024w, https:\/\/www.cislferrara.it\/wp-content\/uploads\/2024\/02\/Logo_Fisascat-768x240.png 768w, https:\/\/www.cislferrara.it\/wp-content\/uploads\/2024\/02\/Logo_Fisascat-1536x480.png 1536w\" sizes=\"auto, (max-width: 381px) 100vw, 381px\" \/><\/a><\/p>\n<h2 class=\"singleNews_Title\" style=\"text-align: center;\">Restauration collective\u00a0: gr\u00e8ve nationale des travailleurs des entreprises affili\u00e9es \u00e0 l&#039;ANIR et \u00e0 l&#039;ANGEM le 4\u00a0juin. \u00c9tat d&#039;agitation proclam\u00e9, avec blocage de toute flexibilit\u00e9.<\/h2>\n<div class=\"singleNews_Content mb-0\">\n<p style=\"text-align: center;\"><strong>La base de la mobilisation nationale convoqu\u00e9e par Filcams Cgil Fisascat Cisl et Uiltucs est l&#039;avertissement des deux associations patronales de prendre toute d\u00e9cision concernant le secteur \u00e0 la table des n\u00e9gociations en cours pour le renouvellement du Contrat National<\/strong><\/p>\n<\/div>\n<div>\n<div class=\"singleNews_Content\">\n<div>\n<p>Rome, le 27 mai 2024 \u2013 Le 4 juin sera une journ\u00e9e de gr\u00e8ve nationale pour les travailleurs des entreprises de restauration collective appartenant \u00e0 l&#039;ANIR Confindustria et \u00e0 l&#039;ANGEM. La manifestation, appel\u00e9e par les syndicats Filcams Cgil, Fisascat Cisl et Uiltucs, fait suite \u00e0 la communication des deux associations patronales, qui les avertissent de s&#039;abstenir de toute d\u00e9cision concernant le secteur de la restauration collective. Dans cette lettre, les associations patronales demandent \u00e9galement la mise en place d&#039;une table de n\u00e9gociation sp\u00e9cifique.<\/p>\n<p>Les syndicats, qui stigmatisent \u00ab le contenu instrumental et mystificateur de la communication d&#039;Angem et d&#039;Anir, visant principalement \u00e0 influencer le renouvellement de la Ccnl \u00bb des \u00e9tablissements publics, de la restauration collective, du commerce et du tourisme, arriv\u00e9e \u00e0 \u00e9ch\u00e9ance en 2021 et qui concernait plus d&#039;un million de salari\u00e9s, ont donc d\u00e9cid\u00e9 de se mobiliser pour \u00ab contrer la position prise \u00bb par les deux associations patronales au nom des entreprises adh\u00e9rentes. \u00ab Dans un contexte \u00e9conomique encore fortement compromis par la pouss\u00e9e inflationniste de ces derni\u00e8res ann\u00e9es et l&#039;augmentation du co\u00fbt de la vie qui en r\u00e9sulte \u2013 d\u00e9noncent les syndicats \u2013 certaines entreprises se montrent irresponsables et inconsid\u00e9r\u00e9es envers leurs salari\u00e9s. \u00bb<\/p>\n<p>\u00ab Plus de trois ans apr\u00e8s l\u2019expiration du Ccnl \u2013 peut-on lire dans un communiqu\u00e9 conjoint des syndicats \u2013 les entreprises de restauration collective associ\u00e9es \u00e0 Anir et Angem menacent quiconque souhaite parvenir \u00e0 un renouvellement capable de garantir des conditions salariales d\u00e9centes aux travailleurs du secteur \u00bb.<\/p>\n<p>\u00ab Le processus en cours depuis un certain temps sur les questions li\u00e9es au domaine r\u00e9glementaire, \u00e0 la classification du personnel et \u00e0 l&#039;augmentation des salaires \u2013 poursuit la note \u2013 risque de subir de nouveaux retards en raison de la position irresponsable de certaines entreprises du secteur : Authentica Spa \u2013 Eurotourist New Spa \u2013 Dussmann Service Srl \u2013 Ladisa Srl \u2013 Serenissima Spa \u2013 Euroristorazione \u2013 Siristora Global Service \u2013 Vivenda Spa \u2013 Compass Group Italia Spa \u2013 Gruppo Elior \u2013 Genesi Srl \u2013 Pedevilla Spa \u2013 Sodexo Italia Spa \u2013 Italcatering Srl \u2013 Felsinea Ristorazione Srl \u2013 Ser Car Ristorazione Collettiva Spa \u2013 Sir Sistemi Italiani di ristorazione \u00bb.<\/p>\n<p>Filcams, Fisascat et Uiltucs \u2013 conclut le communiqu\u00e9 de presse \u2013 d\u00e9clarent l&#039;\u00e9tat d&#039;agitation et bloquent toute forme de flexibilit\u00e9. Des r\u00e9unions syndicales r\u00e9mun\u00e9r\u00e9es seront imm\u00e9diatement convoqu\u00e9es sur les lieux de travail afin d&#039;informer les travailleurs des actions syndicales qui seront entreprises, en commen\u00e7ant par la communication d&#039;informations \u00e0 tous les clients publics et priv\u00e9s, afin de prot\u00e9ger les droits des travailleurs du secteur.<\/p>\n<p>Le comportement des entreprises adh\u00e9rant \u00e0 Anir et Angem est intol\u00e9rable\u00a0! C&#039;est une nouvelle humiliation qu&#039;elles veulent infliger aux travailleurs\u00a0!<\/p>\n<p>R\u00e9daction :\u00a0<a href=\"https:\/\/www.fisascat.it\/presentazione\" target=\"_blank\" rel=\"noopener\">Fisascat Cisl<\/a><\/p>\n<\/div>\n<\/div>\n<\/div>","protected":false},"excerpt":{"rendered":"<p>Restauration collective\u00a0: gr\u00e8ve nationale des travailleurs des entreprises affili\u00e9es \u00e0 l&#039;ANIR et \u00e0 l&#039;ANGEM le 4\u00a0juin. \u00c9tat d&#039;agitation d\u00e9clar\u00e9, avec blocage de toute flexibilit\u00e9\u2026<\/p>","protected":false},"author":3,"featured_media":4391,"comment_status":"closed","ping_status":"closed","sticky":false,"template":"","format":"standard","meta":{"footnotes":""},"categories":[1,8],"tags":[418,417,401,178,416],"class_list":{"0":"post-4390","1":"post","2":"type-post","3":"status-publish","4":"format-standard","5":"has-post-thumbnail","7":"category-area-stampa","8":"category-fisascat","9":"tag-4-giugno","10":"tag-collettiva","11":"tag-comunicato-stampa","12":"tag-fisascat","13":"tag-ristorazione"},"_links":{"self":[{"href":"https:\/\/www.cislferrara.it\/fr\/wp-json\/wp\/v2\/posts\/4390","targetHints":{"allow":["GET"]}}],"collection":[{"href":"https:\/\/www.cislferrara.it\/fr\/wp-json\/wp\/v2\/posts"}],"about":[{"href":"https:\/\/www.cislferrara.it\/fr\/wp-json\/wp\/v2\/types\/post"}],"author":[{"embeddable":true,"href":"https:\/\/www.cislferrara.it\/fr\/wp-json\/wp\/v2\/users\/3"}],"replies":[{"embeddable":true,"href":"https:\/\/www.cislferrara.it\/fr\/wp-json\/wp\/v2\/comments?post=4390"}],"version-history":[{"count":1,"href":"https:\/\/www.cislferrara.it\/fr\/wp-json\/wp\/v2\/posts\/4390\/revisions"}],"predecessor-version":[{"id":4392,"href":"https:\/\/www.cislferrara.it\/fr\/wp-json\/wp\/v2\/posts\/4390\/revisions\/4392"}],"wp:featuredmedia":[{"embeddable":true,"href":"https:\/\/www.cislferrara.it\/fr\/wp-json\/wp\/v2\/media\/4391"}],"wp:attachment":[{"href":"https:\/\/www.cislferrara.it\/fr\/wp-json\/wp\/v2\/media?parent=4390"}],"wp:term":[{"taxonomy":"category","embeddable":true,"href":"https:\/\/www.cislferrara.it\/fr\/wp-json\/wp\/v2\/categories?post=4390"},{"taxonomy":"post_tag","embeddable":true,"href":"https:\/\/www.cislferrara.it\/fr\/wp-json\/wp\/v2\/tags?post=4390"}],"curies":[{"name":"wp","href":"https:\/\/api.w.org\/{rel}","templated":true}]}}