{"id":4383,"date":"2024-05-06T09:46:07","date_gmt":"2024-05-06T07:46:07","guid":{"rendered":"https:\/\/www.cislferrara.it\/?p=4383"},"modified":"2024-05-06T09:46:07","modified_gmt":"2024-05-06T07:46:07","slug":"lora-solare-tv2000-la-storia-di-marisa-baroni","status":"publish","type":"post","link":"https:\/\/www.cislferrara.it\/fr\/lora-solare-tv2000-la-storia-di-marisa-baroni\/","title":{"rendered":"Solar Time (TV2000) L&#039;histoire de Marisa Baroni"},"content":{"rendered":"<p>L&#039;histoire de Marisa Baroni et de son engagement syndical au sein de la Cisl depuis le d\u00e9but des ann\u00e9es 60.<\/p>\n<div class=\"BorlabsCookie _brlbs-cb-youtube\">\n<div class=\"_brlbs-content-blocker\">\n<div class=\"_brlbs-embed _brlbs-video-youtube\"> <img decoding=\"async\" class=\"_brlbs-thumbnail\" src=\"https:\/\/www.cislferrara.it\/wp-content\/plugins\/borlabs-cookie\/assets\/images\/cb-no-thumbnail.png\" alt=\"YouTube\"> <\/p>\n<div class=\"_brlbs-caption\">\n<p>En chargeant la vid\u00e9o, vous acceptez la politique de confidentialit\u00e9 de YouTube.<br \/><a href=\"https:\/\/policies.google.com\/privacy?hl=en&amp;gl=en\" target=\"_blank\" rel=\"nofollow noopener noreferrer\">En savoir plus<\/a><\/p>\n<p><a class=\"_brlbs-btn _brlbs-icon-play-white\" href=\"#\" data-borlabs-cookie-unblock role=\"button\">T\u00e9l\u00e9charger la vid\u00e9o<\/a><\/p>\n<p><label><input type=\"checkbox\" name=\"unblockAll\" value=\"1\" checked> <small>Toujours d\u00e9bloquer YouTube<\/small><\/label><\/p>\n<\/p><\/div><\/div><\/div>\n<div class=\"borlabs-hide\" data-borlabs-cookie-type=\"content-blocker\" data-borlabs-cookie-id=\"youtube\"><script type=\"text\/template\">PGlmcmFtZSB0aXRsZT0iTCYjMDM5O09yYSBTb2xhcmUgKFRWMjAwMCkgTGEgc3RvcmlhIGRpIE1hcmlzYSBCYXJvbmkiIHdpZHRoPSIxMDgwIiBoZWlnaHQ9IjYwOCIgc3JjPSJodHRwczovL3d3dy55b3V0dWJlLW5vY29va2llLmNvbS9lbWJlZC9KQjEzeEl4Z0Zqbz9mZWF0dXJlPW9lbWJlZCIgZnJhbWVib3JkZXI9IjAiIGFsbG93PSJhY2NlbGVyb21ldGVyOyBhdXRvcGxheTsgY2xpcGJvYXJkLXdyaXRlOyBlbmNyeXB0ZWQtbWVkaWE7IGd5cm9zY29wZTsgcGljdHVyZS1pbi1waWN0dXJlOyB3ZWItc2hhcmUiIHJlZmVycmVycG9saWN5PSJzdHJpY3Qtb3JpZ2luLXdoZW4tY3Jvc3Mtb3JpZ2luIiBhbGxvd2Z1bGxzY3JlZW4+PC9pZnJhbWU+<\/script><\/div>\n<\/div>","protected":false},"excerpt":{"rendered":"<p>L&#039;histoire de Marisa Baroni et de son engagement syndical au sein de la Cisl depuis le d\u00e9but des ann\u00e9es 1960. En chargeant la vid\u00e9o, l&#039;utilisateur accepte la politique de confidentialit\u00e9 de YouTube.En savoir plus Charger\u2026<\/p>","protected":false},"author":3,"featured_media":4385,"comment_status":"closed","ping_status":"closed","sticky":false,"template":"","format":"standard","meta":{"footnotes":""},"categories":[134,1,19],"tags":[371,410,413,409,412,222,411],"class_list":{"0":"post-4383","1":"post","2":"type-post","3":"status-publish","4":"format-standard","5":"has-post-thumbnail","7":"category-anteas","8":"category-area-stampa","9":"category-cisl-ferrara","10":"tag-anteas","11":"tag-baroni","12":"tag-intervista","13":"tag-marisa","14":"tag-ora-solare","15":"tag-storia-della-cisl","16":"tag-tv2000"},"_links":{"self":[{"href":"https:\/\/www.cislferrara.it\/fr\/wp-json\/wp\/v2\/posts\/4383","targetHints":{"allow":["GET"]}}],"collection":[{"href":"https:\/\/www.cislferrara.it\/fr\/wp-json\/wp\/v2\/posts"}],"about":[{"href":"https:\/\/www.cislferrara.it\/fr\/wp-json\/wp\/v2\/types\/post"}],"author":[{"embeddable":true,"href":"https:\/\/www.cislferrara.it\/fr\/wp-json\/wp\/v2\/users\/3"}],"replies":[{"embeddable":true,"href":"https:\/\/www.cislferrara.it\/fr\/wp-json\/wp\/v2\/comments?post=4383"}],"version-history":[{"count":1,"href":"https:\/\/www.cislferrara.it\/fr\/wp-json\/wp\/v2\/posts\/4383\/revisions"}],"predecessor-version":[{"id":4384,"href":"https:\/\/www.cislferrara.it\/fr\/wp-json\/wp\/v2\/posts\/4383\/revisions\/4384"}],"wp:featuredmedia":[{"embeddable":true,"href":"https:\/\/www.cislferrara.it\/fr\/wp-json\/wp\/v2\/media\/4385"}],"wp:attachment":[{"href":"https:\/\/www.cislferrara.it\/fr\/wp-json\/wp\/v2\/media?parent=4383"}],"wp:term":[{"taxonomy":"category","embeddable":true,"href":"https:\/\/www.cislferrara.it\/fr\/wp-json\/wp\/v2\/categories?post=4383"},{"taxonomy":"post_tag","embeddable":true,"href":"https:\/\/www.cislferrara.it\/fr\/wp-json\/wp\/v2\/tags?post=4383"}],"curies":[{"name":"wp","href":"https:\/\/api.w.org\/{rel}","templated":true}]}}