{"id":4276,"date":"2023-12-18T11:41:26","date_gmt":"2023-12-18T10:41:26","guid":{"rendered":"https:\/\/www.cislferrara.it\/?p=4276"},"modified":"2025-01-14T12:42:55","modified_gmt":"2025-01-14T11:42:55","slug":"nuova-nomina-nella-cisl-provinciale","status":"publish","type":"post","link":"https:\/\/www.cislferrara.it\/fr\/nuova-nomina-nella-cisl-provinciale\/","title":{"rendered":"Nouvelle nomination au Cisl provincial"},"content":{"rendered":"<p>Le 14 d\u00e9cembre 2023, au sein du Conseil g\u00e9n\u00e9ral de l&#039;Ust Cisl Ferrara, en pr\u00e9sence du secr\u00e9taire national conf\u00e9d\u00e9ral de Cisl Andrea Cuccello et du secr\u00e9taire g\u00e9n\u00e9ral r\u00e9gional de Cisl Filippo Pieri, Giuseppe Tagliavia a \u00e9t\u00e9 \u00e9lu secr\u00e9taire g\u00e9n\u00e9ral adjoint.<\/p>\n<p>Le Conseil g\u00e9n\u00e9ral a exprim\u00e9 son avis \u00e0 l\u2019unanimit\u00e9.<\/p>\n<p>Nous devons commencer \u00e0 nous tourner vers l&#039;avenir et \u00e0 prendre de meilleures perspectives. Nous devons anticiper les \u00e9tapes d\u00e9cisives de la vie de l&#039;organisation. C&#039;est le r\u00f4le d&#039;une organisation mature\u00a0: elle se pr\u00e9pare \u00e0 relever les nombreux d\u00e9fis qui l&#039;attendent.<\/p>\n<p><em>Le Secr\u00e9taire G\u00e9n\u00e9ral de la Cisl Ferrara<\/em><br \/>\n<em>Barberis brun<\/em><\/p>\n<p><a href=\"https:\/\/www.cislferrara.it\/wp-content\/uploads\/2023\/12\/RdC-seg-agg-tagliavia.jpg\"><img loading=\"lazy\" decoding=\"async\" class=\"alignnone size-full wp-image-4278\" src=\"https:\/\/www.cislferrara.it\/wp-content\/uploads\/2023\/12\/RdC-seg-agg-tagliavia.jpg\" alt=\"\" width=\"1240\" height=\"1755\" srcset=\"https:\/\/www.cislferrara.it\/wp-content\/uploads\/2023\/12\/RdC-seg-agg-tagliavia.jpg 1240w, https:\/\/www.cislferrara.it\/wp-content\/uploads\/2023\/12\/RdC-seg-agg-tagliavia-212x300.jpg 212w, https:\/\/www.cislferrara.it\/wp-content\/uploads\/2023\/12\/RdC-seg-agg-tagliavia-724x1024.jpg 724w, https:\/\/www.cislferrara.it\/wp-content\/uploads\/2023\/12\/RdC-seg-agg-tagliavia-768x1087.jpg 768w, https:\/\/www.cislferrara.it\/wp-content\/uploads\/2023\/12\/RdC-seg-agg-tagliavia-1085x1536.jpg 1085w\" sizes=\"auto, (max-width: 1240px) 100vw, 1240px\" \/><\/a><\/p>","protected":false},"excerpt":{"rendered":"<p>Le 14 d\u00e9cembre 2023, lors du Conseil G\u00e9n\u00e9ral de l&#039;Ust Cisl Ferrara, en pr\u00e9sence du Secr\u00e9taire Conf\u00e9d\u00e9ral National de la Cisl Andrea Cuccello et du Secr\u00e9taire G\u00e9n\u00e9ral R\u00e9gional de la Cisl Filippo Pieri, c&#039;\u00e9tait\u2026<\/p>","protected":false},"author":3,"featured_media":4279,"comment_status":"closed","ping_status":"closed","sticky":false,"template":"","format":"standard","meta":{"footnotes":""},"categories":[19,25],"tags":[392,208,394,395,391,393,143],"class_list":{"0":"post-4276","1":"post","2":"type-post","3":"status-publish","4":"format-standard","5":"has-post-thumbnail","7":"category-cisl-ferrara","8":"category-parola-al-segretario","9":"tag-aggiunto","10":"tag-cisl","11":"tag-consiglio","12":"tag-generale","13":"tag-segretario","14":"tag-segreteria","15":"tag-tagliavia"},"_links":{"self":[{"href":"https:\/\/www.cislferrara.it\/fr\/wp-json\/wp\/v2\/posts\/4276","targetHints":{"allow":["GET"]}}],"collection":[{"href":"https:\/\/www.cislferrara.it\/fr\/wp-json\/wp\/v2\/posts"}],"about":[{"href":"https:\/\/www.cislferrara.it\/fr\/wp-json\/wp\/v2\/types\/post"}],"author":[{"embeddable":true,"href":"https:\/\/www.cislferrara.it\/fr\/wp-json\/wp\/v2\/users\/3"}],"replies":[{"embeddable":true,"href":"https:\/\/www.cislferrara.it\/fr\/wp-json\/wp\/v2\/comments?post=4276"}],"version-history":[{"count":1,"href":"https:\/\/www.cislferrara.it\/fr\/wp-json\/wp\/v2\/posts\/4276\/revisions"}],"predecessor-version":[{"id":4280,"href":"https:\/\/www.cislferrara.it\/fr\/wp-json\/wp\/v2\/posts\/4276\/revisions\/4280"}],"wp:featuredmedia":[{"embeddable":true,"href":"https:\/\/www.cislferrara.it\/fr\/wp-json\/wp\/v2\/media\/4279"}],"wp:attachment":[{"href":"https:\/\/www.cislferrara.it\/fr\/wp-json\/wp\/v2\/media?parent=4276"}],"wp:term":[{"taxonomy":"category","embeddable":true,"href":"https:\/\/www.cislferrara.it\/fr\/wp-json\/wp\/v2\/categories?post=4276"},{"taxonomy":"post_tag","embeddable":true,"href":"https:\/\/www.cislferrara.it\/fr\/wp-json\/wp\/v2\/tags?post=4276"}],"curies":[{"name":"wp","href":"https:\/\/api.w.org\/{rel}","templated":true}]}}