{"id":4209,"date":"2023-10-04T09:18:15","date_gmt":"2023-10-04T07:18:15","guid":{"rendered":"https:\/\/www.cislferrara.it\/?p=4209"},"modified":"2023-10-04T09:18:15","modified_gmt":"2023-10-04T07:18:15","slug":"isee-2023-successive-alla-prima-al-caf-cisl-rimangono-gratuite-per-tutti","status":"publish","type":"post","link":"https:\/\/www.cislferrara.it\/fr\/isee-2023-successive-alla-prima-al-caf-cisl-rimangono-gratuite-per-tutti\/","title":{"rendered":"ISEE 2023 apr\u00e8s la premi\u00e8re : au Caf CISL ils restent gratuits pour tous"},"content":{"rendered":"<p style=\"text-align: left;\">Le \u00ab D\u00e9cret du travail \u00bb, converti en loi n\u00b0 85\/2023, a introduit des modifications dans l\u2019aide \u00e0 l\u2019obtention du DSU\/ISEE.<\/p>\n<p style=\"text-align: left;\"><span style=\"color: #008000;\"><strong>\u00c0 partir du 1er octobre 2023<\/strong><\/span>\u00a0L&#039;INPS ne remboursera pas les frais de dossier aux CAF pour tous les DSU\/ISEE post\u00e9rieurs au premier, d\u00e9pos\u00e9s la m\u00eame ann\u00e9e et pour la m\u00eame unit\u00e9 familiale. Pour ces pratiques, les CAF peuvent exiger un paiement pouvant aller jusqu&#039;\u00e0 25 euros.<\/p>\n<p style=\"text-align: left;\"><span style=\"color: #008000;\"><strong>Au Caf CISL nous avons fait un choix diff\u00e9rent : ces pratiques restent gratuites pour tous jusqu&#039;\u00e0 fin 2023.<\/strong><\/span><\/p>\n<p style=\"text-align: left;\">Nous ne voulons pas que ce changement soudain impacte les familles qui ont besoin de l&#039;Isee, dans une p\u00e9riode d\u00e9j\u00e0 marqu\u00e9e par une augmentation de toutes les d\u00e9penses. C&#039;est pourquoi nous avons d\u00e9cid\u00e9 de ne demander aucune compensation avant la fin de l&#039;ann\u00e9e et de continuer \u00e0 proposer gratuitement le deuxi\u00e8me Isee \u00e0 ceux qui doivent pr\u00e9senter un nouveau mod\u00e8le.<\/p>\n<p style=\"text-align: left;\"><span style=\"color: #008000;\"><strong>Ils resteront gratuits pour les familles<\/strong><\/span><\/p>\n<ul style=\"text-align: left;\">\n<li><strong>le premier DSU\/ISEE soumis ;<\/strong><\/li>\n<li><strong>celles post\u00e9rieures \u00e0 la premi\u00e8re exclusivement en cas de changements dans les membres de la cellule familiale.<\/strong><\/li>\n<\/ul>\n<p style=\"text-align: left;\"><span style=\"color: #008000;\"><strong>D\u00e8s janvier, avec l&#039;ISEE 2024<\/strong><\/span> nous nous engageons \u00e0 fournir toutes les informations aux familles int\u00e9ress\u00e9es pour leur \u00e9viter de devoir soumettre l&#039;ISEE plusieurs fois au cours de l&#039;ann\u00e9e.<\/p>\n<p><a href=\"https:\/\/www.cislferrara.it\/wp-content\/uploads\/2023\/10\/All.1-17267_23.pdf\" target=\"_blank\" rel=\"noopener\">Communication de la Consultation nationale des FAC<\/a><\/p>","protected":false},"excerpt":{"rendered":"<p>Le d\u00e9cret Travail, converti en loi n\u00b0 85\/2023, a modifi\u00e9 l&#039;aide \u00e0 l&#039;obtention du DSU\/ISEE. \u00c0 compter du 1er octobre 2023, l&#039;INPS ne remboursera plus les CAF pour\u2026<\/p>","protected":false},"author":3,"featured_media":4211,"comment_status":"closed","ping_status":"closed","sticky":false,"template":"","format":"standard","meta":{"footnotes":""},"categories":[1,128,19],"tags":[340,51,208,381,52],"class_list":{"0":"post-4209","1":"post","2":"type-post","3":"status-publish","4":"format-standard","5":"has-post-thumbnail","7":"category-area-stampa","8":"category-caf-cisl","9":"category-cisl-ferrara","10":"tag-340","11":"tag-caf","12":"tag-cisl","13":"tag-dsu","14":"tag-isee"},"_links":{"self":[{"href":"https:\/\/www.cislferrara.it\/fr\/wp-json\/wp\/v2\/posts\/4209","targetHints":{"allow":["GET"]}}],"collection":[{"href":"https:\/\/www.cislferrara.it\/fr\/wp-json\/wp\/v2\/posts"}],"about":[{"href":"https:\/\/www.cislferrara.it\/fr\/wp-json\/wp\/v2\/types\/post"}],"author":[{"embeddable":true,"href":"https:\/\/www.cislferrara.it\/fr\/wp-json\/wp\/v2\/users\/3"}],"replies":[{"embeddable":true,"href":"https:\/\/www.cislferrara.it\/fr\/wp-json\/wp\/v2\/comments?post=4209"}],"version-history":[{"count":2,"href":"https:\/\/www.cislferrara.it\/fr\/wp-json\/wp\/v2\/posts\/4209\/revisions"}],"predecessor-version":[{"id":4213,"href":"https:\/\/www.cislferrara.it\/fr\/wp-json\/wp\/v2\/posts\/4209\/revisions\/4213"}],"wp:featuredmedia":[{"embeddable":true,"href":"https:\/\/www.cislferrara.it\/fr\/wp-json\/wp\/v2\/media\/4211"}],"wp:attachment":[{"href":"https:\/\/www.cislferrara.it\/fr\/wp-json\/wp\/v2\/media?parent=4209"}],"wp:term":[{"taxonomy":"category","embeddable":true,"href":"https:\/\/www.cislferrara.it\/fr\/wp-json\/wp\/v2\/categories?post=4209"},{"taxonomy":"post_tag","embeddable":true,"href":"https:\/\/www.cislferrara.it\/fr\/wp-json\/wp\/v2\/tags?post=4209"}],"curies":[{"name":"wp","href":"https:\/\/api.w.org\/{rel}","templated":true}]}}