{"id":4199,"date":"2023-08-03T12:41:34","date_gmt":"2023-08-03T10:41:34","guid":{"rendered":"https:\/\/www.cislferrara.it\/?p=4199"},"modified":"2023-08-03T12:41:34","modified_gmt":"2023-08-03T10:41:34","slug":"aliper-premia-il-cuore-del-volontariato","status":"publish","type":"post","link":"https:\/\/www.cislferrara.it\/fr\/aliper-premia-il-cuore-del-volontariato\/","title":{"rendered":"Aliper r\u00e9compense le c\u0153ur du b\u00e9n\u00e9volat"},"content":{"rendered":"<p class=\"default-style\">Aliper r\u00e9compense le b\u00e9n\u00e9volat. Au magasin de Copparo, 465 euros ont \u00e9t\u00e9 revers\u00e9s au quartier Anteas de Copparo pour les transports quotidiens en faveur des personnes d\u00e9munies et sans ressources.<\/p>\n<p class=\"default-style\">Merci.<\/p>\n<p><a href=\"https:\/\/www.cislferrara.it\/wp-content\/uploads\/2023\/08\/copparo-assegno.jpeg\"><img loading=\"lazy\" decoding=\"async\" class=\"alignnone  wp-image-4200\" src=\"https:\/\/www.cislferrara.it\/wp-content\/uploads\/2023\/08\/copparo-assegno.jpeg\" alt=\"\" width=\"564\" height=\"751\" srcset=\"https:\/\/www.cislferrara.it\/wp-content\/uploads\/2023\/08\/copparo-assegno.jpeg 768w, https:\/\/www.cislferrara.it\/wp-content\/uploads\/2023\/08\/copparo-assegno-225x300.jpeg 225w\" sizes=\"auto, (max-width: 564px) 100vw, 564px\" \/><\/a><\/p>","protected":false},"excerpt":{"rendered":"<p>Aliper r\u00e9compense le b\u00e9n\u00e9volat. Au magasin de Copparo, 465 euros ont \u00e9t\u00e9 revers\u00e9s au d\u00e9partement Anteas de Copparo pour les transports quotidiens en faveur de\u2026<\/p>","protected":false},"author":3,"featured_media":4200,"comment_status":"closed","ping_status":"closed","sticky":false,"template":"","format":"standard","meta":{"footnotes":""},"categories":[134,1],"tags":[374,371,372],"class_list":{"0":"post-4199","1":"post","2":"type-post","3":"status-publish","4":"format-standard","5":"has-post-thumbnail","7":"category-anteas","8":"category-area-stampa","9":"tag-aliper","10":"tag-anteas","11":"tag-copparo"},"_links":{"self":[{"href":"https:\/\/www.cislferrara.it\/fr\/wp-json\/wp\/v2\/posts\/4199","targetHints":{"allow":["GET"]}}],"collection":[{"href":"https:\/\/www.cislferrara.it\/fr\/wp-json\/wp\/v2\/posts"}],"about":[{"href":"https:\/\/www.cislferrara.it\/fr\/wp-json\/wp\/v2\/types\/post"}],"author":[{"embeddable":true,"href":"https:\/\/www.cislferrara.it\/fr\/wp-json\/wp\/v2\/users\/3"}],"replies":[{"embeddable":true,"href":"https:\/\/www.cislferrara.it\/fr\/wp-json\/wp\/v2\/comments?post=4199"}],"version-history":[{"count":1,"href":"https:\/\/www.cislferrara.it\/fr\/wp-json\/wp\/v2\/posts\/4199\/revisions"}],"predecessor-version":[{"id":4201,"href":"https:\/\/www.cislferrara.it\/fr\/wp-json\/wp\/v2\/posts\/4199\/revisions\/4201"}],"wp:featuredmedia":[{"embeddable":true,"href":"https:\/\/www.cislferrara.it\/fr\/wp-json\/wp\/v2\/media\/4200"}],"wp:attachment":[{"href":"https:\/\/www.cislferrara.it\/fr\/wp-json\/wp\/v2\/media?parent=4199"}],"wp:term":[{"taxonomy":"category","embeddable":true,"href":"https:\/\/www.cislferrara.it\/fr\/wp-json\/wp\/v2\/categories?post=4199"},{"taxonomy":"post_tag","embeddable":true,"href":"https:\/\/www.cislferrara.it\/fr\/wp-json\/wp\/v2\/tags?post=4199"}],"curies":[{"name":"wp","href":"https:\/\/api.w.org\/{rel}","templated":true}]}}