{"id":4195,"date":"2023-08-03T12:38:19","date_gmt":"2023-08-03T10:38:19","guid":{"rendered":"https:\/\/www.cislferrara.it\/?p=4195"},"modified":"2023-08-03T12:38:19","modified_gmt":"2023-08-03T10:38:19","slug":"una-nuova-auto-per-anteas-copparo","status":"publish","type":"post","link":"https:\/\/www.cislferrara.it\/fr\/una-nuova-auto-per-anteas-copparo\/","title":{"rendered":"UNE NOUVELLE VOITURE POUR ANTEAS COPPARO"},"content":{"rendered":"<p>Journ\u00e9e de f\u00eate et de grande satisfaction, samedi 20 mai, pour Anteas Copparo : les b\u00e9n\u00e9voles ont en effet accueilli avec satisfaction l&#039;arriv\u00e9e d&#039;un nouveau v\u00e9hicule pour remplacer celui qui n&#039;\u00e9tait plus adapt\u00e9.<br \/>\n\u00ab Nous rempla\u00e7ons une machine d\u00e9fectueuse afin de disposer d&#039;une flotte de v\u00e9hicules \u00e0 la hauteur de nos prestations \u00bb, explique Saverio Menna, coordinateur local. \u00ab Rien qu&#039;en avril dernier, nous avons effectu\u00e9 652 transports\u00a0: les v\u00e9hicules doivent donc toujours \u00eatre performants. L&#039;entretien des ascenseurs va \u00e9galement dans ce sens, pour offrir \u00e0 tous de meilleurs services. Cela est possible notamment gr\u00e2ce \u00e0 notre \u00e9quipe, compos\u00e9e de 29 b\u00e9n\u00e9voles, dont trois secr\u00e9taires, trois infirmi\u00e8res et 23 chauffeurs. Aujourd&#039;hui, nous accueillons \u00e9galement un nouveau chauffeur, qui vient \u00e9toffer notre \u00e9quipe. \u00bb<br \/>\n\u00ab Les machines ne seraient rien sans les b\u00e9n\u00e9voles, que je remercie pour leur engagement quotidien \u00bb, a d\u00e9clar\u00e9 le maire Fabrizio Pagnoni. \u00ab Je vous apporte les remerciements de toute la communaut\u00e9, qui fait appel \u00e0 vos services dans les moments les plus d\u00e9licats et trouve un accueil chaleureux et \u00e0 l&#039;\u00e9coute. Vous \u00eates des personnes de c\u0153ur et les habitants de Copparo vous en sont tr\u00e8s reconnaissants. \u00bb<br \/>\nLe pr\u00e9sident d&#039;Anteas Ferrara, Paolo Paramucchi, \u00e9tait \u00e9galement pr\u00e9sent \u00e0 la c\u00e9r\u00e9monie. \u00ab Ce groupe repr\u00e9sente un v\u00e9ritable fer de lance \u00bb, a-t-il d\u00e9clar\u00e9. \u00ab \u00c0 tel point qu&#039;il a \u00e9t\u00e9 demand\u00e9 au niveau r\u00e9gional de promouvoir l&#039;exp\u00e9rience Copparo au niveau national comme mod\u00e8le de transport social. \u00bb<br \/>\nEn 2022, Antea Copparo a parcouru 137 569 kilom\u00e8tres et effectu\u00e9 1 922 d\u00e9placements, tandis que 415 injections intramusculaires, 132 tests de tension art\u00e9rielle et 116 tests de glyc\u00e9mie ont \u00e9t\u00e9 effectu\u00e9s \u00e0 la clinique Parco Verde, pour un total de 761 visites.<\/p>\n<p>Source: <a href=\"https:\/\/www.comune.copparo.fe.it\/nqcontent.cfm?a_id=12600\">Municipalit\u00e9 de Copparo<\/a><\/p>","protected":false},"excerpt":{"rendered":"<p>Journ\u00e9e de f\u00eate et de grande satisfaction, samedi 20 mai, pour Anteas Copparo : les b\u00e9n\u00e9voles ont en effet salu\u00e9 l&#039;arriv\u00e9e d&#039;un nouveau v\u00e9hicule pour remplacer un autre qui ne\u2026<\/p>","protected":false},"author":3,"featured_media":4196,"comment_status":"closed","ping_status":"closed","sticky":false,"template":"","format":"standard","meta":{"footnotes":""},"categories":[134,1],"tags":[371,161,372,373],"class_list":{"0":"post-4195","1":"post","2":"type-post","3":"status-publish","4":"format-standard","5":"has-post-thumbnail","7":"category-anteas","8":"category-area-stampa","9":"tag-anteas","10":"tag-auto","11":"tag-copparo","12":"tag-nuova"},"_links":{"self":[{"href":"https:\/\/www.cislferrara.it\/fr\/wp-json\/wp\/v2\/posts\/4195","targetHints":{"allow":["GET"]}}],"collection":[{"href":"https:\/\/www.cislferrara.it\/fr\/wp-json\/wp\/v2\/posts"}],"about":[{"href":"https:\/\/www.cislferrara.it\/fr\/wp-json\/wp\/v2\/types\/post"}],"author":[{"embeddable":true,"href":"https:\/\/www.cislferrara.it\/fr\/wp-json\/wp\/v2\/users\/3"}],"replies":[{"embeddable":true,"href":"https:\/\/www.cislferrara.it\/fr\/wp-json\/wp\/v2\/comments?post=4195"}],"version-history":[{"count":2,"href":"https:\/\/www.cislferrara.it\/fr\/wp-json\/wp\/v2\/posts\/4195\/revisions"}],"predecessor-version":[{"id":4198,"href":"https:\/\/www.cislferrara.it\/fr\/wp-json\/wp\/v2\/posts\/4195\/revisions\/4198"}],"wp:featuredmedia":[{"embeddable":true,"href":"https:\/\/www.cislferrara.it\/fr\/wp-json\/wp\/v2\/media\/4196"}],"wp:attachment":[{"href":"https:\/\/www.cislferrara.it\/fr\/wp-json\/wp\/v2\/media?parent=4195"}],"wp:term":[{"taxonomy":"category","embeddable":true,"href":"https:\/\/www.cislferrara.it\/fr\/wp-json\/wp\/v2\/categories?post=4195"},{"taxonomy":"post_tag","embeddable":true,"href":"https:\/\/www.cislferrara.it\/fr\/wp-json\/wp\/v2\/tags?post=4195"}],"curies":[{"name":"wp","href":"https:\/\/api.w.org\/{rel}","templated":true}]}}