{"id":4086,"date":"2023-02-01T16:29:53","date_gmt":"2023-02-01T15:29:53","guid":{"rendered":"https:\/\/www.cislferrara.it\/?p=4086"},"modified":"2025-07-02T14:53:18","modified_gmt":"2025-07-02T12:53:18","slug":"giornata-internazionale-contro-le-mutilazioni-genitali-femminili-2","status":"publish","type":"post","link":"https:\/\/www.cislferrara.it\/fr\/giornata-internazionale-contro-le-mutilazioni-genitali-femminili-2\/","title":{"rendered":"Journ\u00e9e internationale contre les mutilations g\u00e9nitales f\u00e9minines"},"content":{"rendered":"<p><em>Le<\/em><em> Le 6 f\u00e9vrier est la Journ\u00e9e mondiale contre les mutilations g\u00e9nitales f\u00e9minines (MGF)\u00a0: une pratique inhumaine et violente qui continue d\u2019affecter et de d\u00e9vaster, physiquement et psychologiquement, de nombreuses jeunes femmes. Selon l\u2019OMS, plus de 200\u00a0millions de filles sont concern\u00e9es, dont malheureusement de nombreuses filles, principalement originaires d\u2019Afrique, du Moyen-Orient, d\u2019Asie, d\u2019Am\u00e9rique latine et de communaut\u00e9s de ces r\u00e9gions. <\/em><\/p>\n<p><em>On estime \u00e9galement que, bien qu&#039;ill\u00e9gale dans l&#039;UE, environ 600\u00a0000 femmes vivant en Europe ont \u00e9t\u00e9 victimes de cette pratique, et que 180\u00a0000 autres sont en danger dans 13 pays de l&#039;UE, dont l&#039;Italie. Un tableau dramatique, \u00e9galement li\u00e9 au ph\u00e9nom\u00e8ne des mariages d&#039;enfants, qui s&#039;aggrave chaque ann\u00e9e avec de nouveaux cas. <\/em><\/p>\n<p><em>Face au risque concret que les diff\u00e9rentes dynamiques de d\u00e9stabilisation, d\u2019augmentation de la pauvret\u00e9 et des in\u00e9galit\u00e9s en cours ces derni\u00e8res ann\u00e9es, puissent aggraver ce fl\u00e9au, la Cisl et l\u2019Anolf r\u00e9affirment leur engagement \u00e0 promouvoir une culture du respect et de l\u2019\u00e9galit\u00e9 des chances contre toutes les formes d\u2019abus et de violence. <\/em><\/p>\n<p><em>Nous poursuivrons nos actions d&#039;information et de sensibilisation aupr\u00e8s des femmes immigr\u00e9es, ainsi que le renforcement de notre pr\u00e9sence sur tous les territoires et dans les structures de sant\u00e9 concern\u00e9es. C&#039;est une bataille de civilisation et d&#039;humanit\u00e9 que nous ne voulons pas et ne pouvons pas perdre. Nous devons affirmer et concr\u00e9tiser la valeur de la solidarit\u00e9 entre les femmes et les hommes, comme fondement de l&#039;action collective pour le bien commun.<\/em><\/p>\n<p><a href=\"https:\/\/www.cislferrara.it\/wp-content\/uploads\/2023\/02\/Locandina-MGF2023.png\"><img loading=\"lazy\" decoding=\"async\" class=\"alignnone size-full wp-image-4087\" src=\"https:\/\/www.cislferrara.it\/wp-content\/uploads\/2023\/02\/Locandina-MGF2023.png\" alt=\"\" width=\"1654\" height=\"2339\" srcset=\"https:\/\/www.cislferrara.it\/wp-content\/uploads\/2023\/02\/Locandina-MGF2023.png 1654w, https:\/\/www.cislferrara.it\/wp-content\/uploads\/2023\/02\/Locandina-MGF2023-212x300.png 212w, https:\/\/www.cislferrara.it\/wp-content\/uploads\/2023\/02\/Locandina-MGF2023-724x1024.png 724w, https:\/\/www.cislferrara.it\/wp-content\/uploads\/2023\/02\/Locandina-MGF2023-768x1086.png 768w, https:\/\/www.cislferrara.it\/wp-content\/uploads\/2023\/02\/Locandina-MGF2023-1086x1536.png 1086w, https:\/\/www.cislferrara.it\/wp-content\/uploads\/2023\/02\/Locandina-MGF2023-1448x2048.png 1448w\" sizes=\"auto, (max-width: 1654px) 100vw, 1654px\" \/><\/a><\/p>","protected":false},"excerpt":{"rendered":"<p>Le 6 f\u00e9vrier est la Journ\u00e9e mondiale contre les mutilations g\u00e9nitales f\u00e9minines (MGF) : une pratique inhumaine et violente qui affecte et d\u00e9vaste encore, physiquement et psychologiquement, tant de jeunes femmes\u2026.<\/p>","protected":false},"author":3,"featured_media":4088,"comment_status":"closed","ping_status":"closed","sticky":false,"template":"","format":"standard","meta":{"footnotes":""},"categories":[136,1,19,453],"tags":[242,102,208,353,352,350,351,354],"class_list":{"0":"post-4086","1":"post","2":"type-post","3":"status-publish","4":"format-standard","5":"has-post-thumbnail","7":"category-anolf","8":"category-area-stampa","9":"category-cisl-ferrara","10":"category-coordinamento-donne","11":"tag-6-febbraio","12":"tag-anolf","13":"tag-cisl","14":"tag-femminili","15":"tag-genitali","16":"tag-mgf","17":"tag-mutilazioni","18":"tag-stop-mgf"},"_links":{"self":[{"href":"https:\/\/www.cislferrara.it\/fr\/wp-json\/wp\/v2\/posts\/4086","targetHints":{"allow":["GET"]}}],"collection":[{"href":"https:\/\/www.cislferrara.it\/fr\/wp-json\/wp\/v2\/posts"}],"about":[{"href":"https:\/\/www.cislferrara.it\/fr\/wp-json\/wp\/v2\/types\/post"}],"author":[{"embeddable":true,"href":"https:\/\/www.cislferrara.it\/fr\/wp-json\/wp\/v2\/users\/3"}],"replies":[{"embeddable":true,"href":"https:\/\/www.cislferrara.it\/fr\/wp-json\/wp\/v2\/comments?post=4086"}],"version-history":[{"count":1,"href":"https:\/\/www.cislferrara.it\/fr\/wp-json\/wp\/v2\/posts\/4086\/revisions"}],"predecessor-version":[{"id":4089,"href":"https:\/\/www.cislferrara.it\/fr\/wp-json\/wp\/v2\/posts\/4086\/revisions\/4089"}],"wp:featuredmedia":[{"embeddable":true,"href":"https:\/\/www.cislferrara.it\/fr\/wp-json\/wp\/v2\/media\/4088"}],"wp:attachment":[{"href":"https:\/\/www.cislferrara.it\/fr\/wp-json\/wp\/v2\/media?parent=4086"}],"wp:term":[{"taxonomy":"category","embeddable":true,"href":"https:\/\/www.cislferrara.it\/fr\/wp-json\/wp\/v2\/categories?post=4086"},{"taxonomy":"post_tag","embeddable":true,"href":"https:\/\/www.cislferrara.it\/fr\/wp-json\/wp\/v2\/tags?post=4086"}],"curies":[{"name":"wp","href":"https:\/\/api.w.org\/{rel}","templated":true}]}}