{"id":4058,"date":"2022-11-16T09:51:25","date_gmt":"2022-11-16T08:51:25","guid":{"rendered":"https:\/\/www.cislferrara.it\/?p=4058"},"modified":"2022-11-16T09:51:25","modified_gmt":"2022-11-16T08:51:25","slug":"lavora-con-noi-2","status":"publish","type":"post","link":"https:\/\/www.cislferrara.it\/fr\/lavora-con-noi-2\/","title":{"rendered":"TRAVAILLEZ AVEC NOUS!"},"content":{"rendered":"<p><a href=\"https:\/\/www.cislferrara.it\/wp-content\/uploads\/2022\/11\/lavora-con-noi-caf-2023_Banner.jpg\"><img loading=\"lazy\" decoding=\"async\" class=\"alignnone size-full wp-image-4060\" src=\"https:\/\/www.cislferrara.it\/wp-content\/uploads\/2022\/11\/lavora-con-noi-caf-2023_Banner.jpg\" alt=\"\" width=\"1200\" height=\"630\" srcset=\"https:\/\/www.cislferrara.it\/wp-content\/uploads\/2022\/11\/lavora-con-noi-caf-2023_Banner.jpg 1200w, https:\/\/www.cislferrara.it\/wp-content\/uploads\/2022\/11\/lavora-con-noi-caf-2023_Banner-300x158.jpg 300w, https:\/\/www.cislferrara.it\/wp-content\/uploads\/2022\/11\/lavora-con-noi-caf-2023_Banner-1024x538.jpg 1024w, https:\/\/www.cislferrara.it\/wp-content\/uploads\/2022\/11\/lavora-con-noi-caf-2023_Banner-768x403.jpg 768w\" sizes=\"auto, (max-width: 1200px) 100vw, 1200px\" \/><\/a><\/p>\n<h3 style=\"text-align: center;\">Pour postuler, remplissez votre CV en ligne :<\/h3>\n<h4 style=\"text-align: center;\"><strong>EN SOUMETTANT VOTRE CV ET LES INFORMATIONS DEMAND\u00c9ES AVANT LE 31\/12\/22.<\/strong><br \/>\n<strong>Lien ci-dessous: <a href=\"https:\/\/www.cafcisl.it\/schede-8-lavora_con_noi\">https:\/\/www.cafcisl.it\/schede-8-lavora_con_noi<\/a><\/strong><\/h4>\n<hr \/>\n<h2 style=\"text-align: center;\"><span style=\"color: #339966;\">COURS D&#039;OP\u00c9RATEURS FISCAUX 2023 \u00c0 FERRARE<\/span><\/h2>\n<h3 style=\"text-align: left;\"><strong><u>Exigences:<\/u><\/strong><\/h3>\n<p style=\"text-align: left;\">\u2022 Le cours est r\u00e9serv\u00e9 aux ch\u00f4meurs<br \/>\n\u2022 Dipl\u00f4me ou licence en \u00e9conomie, droit, sciences humaines<br \/>\n\u2022 Aptitude au travail en \u00e9quipe et au contact avec le public<br \/>\n\u2022 Bonne connaissance de l\u2019utilisation du PC, d\u2019Internet et du progiciel Office<br \/>\n\u2022 Disponibilit\u00e9 pour des horaires de travail flexibles<br \/>\n\u2022 SUIVI D&#039;UN COURS PROFESSIONNEL QUALIFIANT POUR LE POSTE DE<br \/>\nOP\u00c9RATEUR FISCAL d&#039;une dur\u00e9e d&#039;environ 160 heures<br \/>\n\u2022 Le COURS est pr\u00e9vu pour avoir lieu \u00e0 partir de fin janvier 2023<br \/>\n\u2022 La s\u00e9lection des candidats au cours d\u00e9butera d\u00e9but janvier 2023<\/p>\n<p style=\"text-align: left;\"><strong>La participation au cours, qui dure environ 160 heures, est GRATUITE.<\/strong><\/p>\n<h4 style=\"text-align: left;\"><u>OFFRES D&#039;EMPLOI :<\/u><\/h4>\n<p style=\"text-align: left;\">L&#039;embauche sera soumise \u00e0 la formation qui aura lieu en 2023 et \u00e0<br \/>\nr\u00e9ussir le test de s\u00e9lection final.<br \/>\n\u2022 Contrat \u00e0 temps partiel et \u00e0 temps plein CCNL Commerce et secteur tertiaire<br \/>\n\u2022 contrat \u00e0 dur\u00e9e d\u00e9termin\u00e9e<br \/>\nZONE DE TRAVAIL : Ferrare et province<\/p>","protected":false},"excerpt":{"rendered":"<p>Pour postuler, veuillez compl\u00e9ter votre CV en ligne\u00a0: SAISISSEZ VOTRE CV ET LES INFORMATIONS DEMAND\u00c9ES AVANT LE 31\/12\/2022. Lien ci-dessous\u00a0: https:\/\/www.cafcisl.it\/schede-8-lavora_con_noi COURS D&#039;OP\u00c9RATEURS FISCAUX 2023 FERRARE Exigences\u00a0:\u2026<\/p>","protected":false},"author":3,"featured_media":4060,"comment_status":"closed","ping_status":"closed","sticky":false,"template":"","format":"standard","meta":{"footnotes":""},"categories":[1,128,19],"tags":[340,267,51,341,223,342,339,336,338,337],"class_list":{"0":"post-4058","1":"post","2":"type-post","3":"status-publish","4":"format-standard","5":"has-post-thumbnail","7":"category-area-stampa","8":"category-caf-cisl","9":"category-cisl-ferrara","10":"tag-340","11":"tag-267","12":"tag-caf","13":"tag-campagna","14":"tag-corso","15":"tag-fiscale","16":"tag-fiscali","17":"tag-lavora-con-noi","18":"tag-operatori","19":"tag-selezione"},"_links":{"self":[{"href":"https:\/\/www.cislferrara.it\/fr\/wp-json\/wp\/v2\/posts\/4058","targetHints":{"allow":["GET"]}}],"collection":[{"href":"https:\/\/www.cislferrara.it\/fr\/wp-json\/wp\/v2\/posts"}],"about":[{"href":"https:\/\/www.cislferrara.it\/fr\/wp-json\/wp\/v2\/types\/post"}],"author":[{"embeddable":true,"href":"https:\/\/www.cislferrara.it\/fr\/wp-json\/wp\/v2\/users\/3"}],"replies":[{"embeddable":true,"href":"https:\/\/www.cislferrara.it\/fr\/wp-json\/wp\/v2\/comments?post=4058"}],"version-history":[{"count":4,"href":"https:\/\/www.cislferrara.it\/fr\/wp-json\/wp\/v2\/posts\/4058\/revisions"}],"predecessor-version":[{"id":4064,"href":"https:\/\/www.cislferrara.it\/fr\/wp-json\/wp\/v2\/posts\/4058\/revisions\/4064"}],"wp:featuredmedia":[{"embeddable":true,"href":"https:\/\/www.cislferrara.it\/fr\/wp-json\/wp\/v2\/media\/4060"}],"wp:attachment":[{"href":"https:\/\/www.cislferrara.it\/fr\/wp-json\/wp\/v2\/media?parent=4058"}],"wp:term":[{"taxonomy":"category","embeddable":true,"href":"https:\/\/www.cislferrara.it\/fr\/wp-json\/wp\/v2\/categories?post=4058"},{"taxonomy":"post_tag","embeddable":true,"href":"https:\/\/www.cislferrara.it\/fr\/wp-json\/wp\/v2\/tags?post=4058"}],"curies":[{"name":"wp","href":"https:\/\/api.w.org\/{rel}","templated":true}]}}