{"id":3981,"date":"2022-09-23T12:00:11","date_gmt":"2022-09-23T10:00:11","guid":{"rendered":"https:\/\/www.cislferrara.it\/?p=3981"},"modified":"2022-09-27T15:00:59","modified_gmt":"2022-09-27T13:00:59","slug":"contributo-affitto-2022","status":"publish","type":"post","link":"https:\/\/www.cislferrara.it\/fr\/contributo-affitto-2022\/","title":{"rendered":"Contribution au loyer 2022"},"content":{"rendered":"<h1 align=\"center\"><span style=\"color: #339966;\"><b>Contribution au loyer 2022<br \/>\nR\u00c9GION D&#039;\u00c9MILIE-ROMAGNE<\/b><\/span><\/h1>\n<h4 align=\"center\"><span style=\"color: #339966;\"><u><b>QUESTIONS DE<\/b><b> 21 OCTOBRE 2022<\/b><\/u><\/span><\/h4>\n<p align=\"center\">40 millions d&#039;euros pour aider les familles en difficult\u00e9<\/p>\n<p align=\"center\"><u>vous pourrez d\u00e9poser des demandes pour la demande de Contribution Loyer 2022.<\/u><\/p>\n<p align=\"center\"><u>La date limite de d\u00e9p\u00f4t des candidatures est fix\u00e9e <\/u><u>\u00e0 12h00 le 21 octobre 2022<\/u><\/p>\n<p align=\"justify\">Les demandes peuvent \u00eatre faites par les citoyens de toutes les communes et unions de communes de la r\u00e9gion \u00c9milie-Romagne.<\/p>\n<p align=\"justify\">La contribution reconnue est \u00e9gale \u00e0 3 mois de loyer <em>jusqu&#039;\u00e0 un maximum de 1 500 euros.<\/em><\/p>\n<h2 align=\"justify\"><span style=\"color: #339966;\"><b><u>EXIGENCES:<\/u><\/b><\/span><\/h2>\n<ul>\n<li>\u00a0Citoyennet\u00e9 italienne, citoyennet\u00e9 d&#039;un \u00c9tat de l&#039;Union europ\u00e9enne ou citoyennet\u00e9 d&#039;un \u00c9tat non membre de l&#039;UE \u00e0 condition d&#039;\u00eatre titulaire d&#039;un permis de s\u00e9jour d&#039;au moins 1 an ou pour des s\u00e9jours de longue dur\u00e9e conform\u00e9ment au d\u00e9cret l\u00e9gislatif n\u00b0 286\/98 et ses modifications ult\u00e9rieures ;<\/li>\n<li>\u00a0\u00catre titulaire d&#039;un contrat de location \u00e0 usage d&#039;habitation (hors cat\u00e9gories A\/1, A\/8, A\/9) r\u00e9guli\u00e8rement enregistr\u00e9 ou \u00eatre titulaire d&#039;un contrat de cession de logement appartenant \u00e0 une coop\u00e9rative d&#039;habitation en indivision et sans clause de propri\u00e9t\u00e9 diff\u00e9r\u00e9e ;<\/li>\n<li>\u00a0Avoir un ISEE 2022 ordinaire ou courant ne d\u00e9passant pas 17 154,00 euros<\/li>\n<li>\u00a0Avoir un ISEE 2022 ordinaire ou courant ne d\u00e9passant pas 35 000,00 euros et avoir eu une baisse de ses revenus sup\u00e9rieure \u00e0 25%.<\/li>\n<\/ul>\n<p align=\"justify\"><span style=\"color: #339966;\"><u><b>Deux classements seront \u00e9tablis :<\/b><\/u><\/span><\/p>\n<ul>\n<li>\u00a0<u><b>G<\/b><\/u><u><b>radiologue 1<\/b><\/u>:<b>\u00a0<\/b>ISEE 2022 ordinaire ou courant ne d\u00e9passant pas 17 154,00 euros<\/li>\n<li>\u00a0<u><b>G<\/b><\/u><u><b>radiologue 2<\/b><\/u>:<b>\u00a0<\/b>ISEE 2022 ordinaire ou courant n&#039;exc\u00e9dant pas 35 000,00 euros et ayant eu une baisse de revenu sup\u00e9rieure \u00e0 25%.<\/li>\n<\/ul>\n<p align=\"justify\"><b>(<\/b>la baisse de revenu est prouv\u00e9e par la certification ISEE actuelle ou en comparant le revenu global du m\u00e9nage aux fins de l&#039;ISEE certifi\u00e9 dans les d\u00e9clarations des ann\u00e9es 2022 et 2021.)<\/p>\n<p align=\"justify\"><span style=\"color: #339966;\"><u><b>Sont exclus de la contribution :<\/b><\/u><\/span><\/p>\n<ul>\n<li>\u00a0les citoyens qui ont re\u00e7u des contributions aux m\u00eames fins au cours de l&#039;ann\u00e9e 2022 \u00e0 la suite des r\u00e9solutions r\u00e9gionales pour \u00ab l&#039;urgence du logement \u00bb, y compris celles pr\u00e9vues par le fonds \u00ab d\u00e9faut coupable \u00bb et le fonds \u00ab ren\u00e9gociation des contrats de location \u00bb ;<\/li>\n<li>\u00a0pour le classement 1, sont exclues les personnes affect\u00e9es \u00e0 un logement social \u00e0 la date de d\u00e9p\u00f4t de la demande ;<\/li>\n<li>\u00a0<u><b>Les b\u00e9n\u00e9ficiaires de l&#039;ERP peuvent \u00e9galement participer \u00e0 l&#039;appel d&#039;offres pour le classement 2 (r\u00e9duction de revenus)<\/b><\/u>;<\/li>\n<li>\u00a0les cotisations de cet appel ne sont pas cumulables avec la part affect\u00e9e au loyer du \u00ab revenu de citoyennet\u00e9 \u00bb.<\/li>\n<\/ul>\n<h2 align=\"left\"><span style=\"color: #339966;\"><u><b>DOCUMENTS REQUIS :<\/b><\/u><\/span><\/h2>\n<ul>\n<li>\u00a0Contrat de location r\u00e9guli\u00e8rement enregistr\u00e9 ;<\/li>\n<li>\u00a0Pi\u00e8ce d\u2019identit\u00e9 valide ;<\/li>\n<li>\u00a0Code d&#039;identification fiscale;<\/li>\n<li>\u00a0ISEE ordinaire ou courant valable 2022<\/li>\n<li>\u00a0Code IBAN<\/li>\n<\/ul>\n<h3 align=\"justify\"><span style=\"color: #339966;\">PRENEZ VOTRE RENDEZ-VOUS<br \/>\ncontactez le bureau CAF-CISL le plus proche :<\/span><\/h3>\n<table width=\"623\">\n<tbody>\n<tr>\n<td width=\"175\"><strong>COMMUN<\/strong><\/td>\n<td width=\"243\"><strong>ADRESSE<\/strong><\/td>\n<td width=\"205\"><strong>NUM\u00c9RO GRATUIT<\/strong><\/td>\n<\/tr>\n<tr>\n<td width=\"175\">Ferrare<\/td>\n<td width=\"243\">Rue Piave 70<\/td>\n<td width=\"205\">800.948.888<\/td>\n<\/tr>\n<tr>\n<td width=\"175\">Ferrare<\/td>\n<td width=\"243\">Rue Zappaterra 14<\/td>\n<td width=\"205\">800.948.888<\/td>\n<\/tr>\n<tr>\n<td width=\"175\">Ferrare<\/td>\n<td width=\"243\">Via Braghini 18\/20<\/td>\n<td width=\"205\">800.948.888<\/td>\n<\/tr>\n<tr>\n<td width=\"175\">Cent<\/td>\n<td width=\"243\">Via Ferrarese 23\/1<\/td>\n<td width=\"205\">800.948.888<\/td>\n<\/tr>\n<tr>\n<td width=\"175\">Codigoro<\/td>\n<td width=\"243\">Via Riviera Cavallotti 8<\/td>\n<td width=\"205\">800.948.888<\/td>\n<\/tr>\n<tr>\n<td width=\"175\">Comacchio<\/td>\n<td width=\"243\">Rue des Marchands 88\/90<\/td>\n<td width=\"205\">800.948.888<\/td>\n<\/tr>\n<tr>\n<td width=\"175\">Cupar<\/td>\n<td width=\"243\">Via Cavour 13<\/td>\n<td width=\"205\">800.948.888<\/td>\n<\/tr>\n<tr>\n<td width=\"175\">Port Majeur<\/td>\n<td width=\"243\">Rue Garibaldi 34<\/td>\n<td width=\"205\">800.948.888<\/td>\n<\/tr>\n<tr>\n<td width=\"175\">Siffler<\/td>\n<td width=\"243\">Rue Chizzolini 18<\/td>\n<td width=\"205\">800.948.888<\/td>\n<\/tr>\n<tr>\n<td width=\"175\">Jolanda de Savoie<\/td>\n<td width=\"243\">Rue de la R\u00e9sistance 1<\/td>\n<td width=\"205\">800.948.888<\/td>\n<\/tr>\n<\/tbody>\n<\/table>\n<p>&nbsp;<\/p>\n<p>&nbsp;<\/p>","protected":false},"excerpt":{"rendered":"<p>Contribution au loyer 2022 R\u00c9GION \u00c9MILIE-ROMAGNE DEMANDES AVANT LE 21 OCTOBRE 2022 40 millions d&#039;euros pour aider les familles en difficult\u00e9 les demandes peuvent \u00eatre envoy\u00e9es pour la demande\u2026<\/p>","protected":false},"author":3,"featured_media":3982,"comment_status":"closed","ping_status":"closed","sticky":false,"template":"","format":"standard","meta":{"footnotes":""},"categories":[1,128,131],"tags":[319,317,318],"class_list":{"0":"post-3981","1":"post","2":"type-post","3":"status-publish","4":"format-standard","5":"has-post-thumbnail","7":"category-area-stampa","8":"category-caf-cisl","9":"category-sicet","10":"tag-15-settembre","11":"tag-affitto","12":"tag-contributo"},"_links":{"self":[{"href":"https:\/\/www.cislferrara.it\/fr\/wp-json\/wp\/v2\/posts\/3981","targetHints":{"allow":["GET"]}}],"collection":[{"href":"https:\/\/www.cislferrara.it\/fr\/wp-json\/wp\/v2\/posts"}],"about":[{"href":"https:\/\/www.cislferrara.it\/fr\/wp-json\/wp\/v2\/types\/post"}],"author":[{"embeddable":true,"href":"https:\/\/www.cislferrara.it\/fr\/wp-json\/wp\/v2\/users\/3"}],"replies":[{"embeddable":true,"href":"https:\/\/www.cislferrara.it\/fr\/wp-json\/wp\/v2\/comments?post=3981"}],"version-history":[{"count":5,"href":"https:\/\/www.cislferrara.it\/fr\/wp-json\/wp\/v2\/posts\/3981\/revisions"}],"predecessor-version":[{"id":3988,"href":"https:\/\/www.cislferrara.it\/fr\/wp-json\/wp\/v2\/posts\/3981\/revisions\/3988"}],"wp:featuredmedia":[{"embeddable":true,"href":"https:\/\/www.cislferrara.it\/fr\/wp-json\/wp\/v2\/media\/3982"}],"wp:attachment":[{"href":"https:\/\/www.cislferrara.it\/fr\/wp-json\/wp\/v2\/media?parent=3981"}],"wp:term":[{"taxonomy":"category","embeddable":true,"href":"https:\/\/www.cislferrara.it\/fr\/wp-json\/wp\/v2\/categories?post=3981"},{"taxonomy":"post_tag","embeddable":true,"href":"https:\/\/www.cislferrara.it\/fr\/wp-json\/wp\/v2\/tags?post=3981"}],"curies":[{"name":"wp","href":"https:\/\/api.w.org\/{rel}","templated":true}]}}