{"id":3850,"date":"2021-11-04T09:03:32","date_gmt":"2021-11-04T08:03:32","guid":{"rendered":"https:\/\/www.cislferrara.it\/?p=3850"},"modified":"2021-11-04T09:09:54","modified_gmt":"2021-11-04T08:09:54","slug":"corso-di-formazione-per-addetti-al-servizio-fiscale-3","status":"publish","type":"post","link":"https:\/\/www.cislferrara.it\/fr\/corso-di-formazione-per-addetti-al-servizio-fiscale-3\/","title":{"rendered":"COURS DE FORMATION pour les agents des services fiscaux"},"content":{"rendered":"<p>\u00c0 partir de janvier, la CAF-CISL Ferrara activera un \u00ab<strong>COURS DE FORMATION pour les agents des services fiscaux<\/strong>\u00ab Voici les sp\u00e9cifications organisationnelles pertinentes :<\/p>\n<hr \/>\n<p><strong>QUI PEUT POSTULER :<\/strong><\/p>\n<p>\u2022 Les ch\u00f4meurs,<br \/>\n\u2022 Titulaire d\u2019un dipl\u00f4me professionnel, d\u2019un dipl\u00f4me d\u2019\u00e9tudes secondaires ou d\u2019un dipl\u00f4me universitaire;<br \/>\n\u2022 Poss\u00e9der de bonnes comp\u00e9tences informatiques ;<\/p>\n<p>Une exp\u00e9rience pr\u00e9alable dans le domaine administratif sera un plus, le profil sera \u00e9galement compl\u00e9t\u00e9 par une forte aptitude \u00e0 traiter avec le public et une approche scrupuleuse et ordonn\u00e9e.<\/p>\n<hr \/>\n<p><strong>CARACT\u00c9RISTIQUES DU COURS :<\/strong><\/p>\n<p>\u2013 Le cours durera environ 160 heures et sera divis\u00e9 en modules de 6\/8 heures (lundi-mercredi-vendredi)<br \/>\n\u2013 De janvier 2022 \u00e0 mars 2022 avec formation en personne\/\u00e0 distance (GoogleMEET) \u2013 (R\u00e9glementation COVID donn\u00e9e)<br \/>\n\u2013 Des exercices sont \u00e9galement pr\u00e9vus \u00e0 l\u2019aide du PC et des tests d\u2019apprentissage.<br \/>\n\u2013 Il n\u2019y a pas de remboursement pour la participation.<br \/>\n\u2013 Le cours est enti\u00e8rement GRATUIT<\/p>\n<hr \/>\n<p><strong>OFFRES D&#039;EMPLOI :<\/strong><\/p>\n<p>\u00c0 la fin du cours, les candidats seront s\u00e9lectionn\u00e9s parmi le personnel participant pour r\u00e9aliser la campagne fiscale 730\/2022 dans les bureaux de Ferrare et de la province.<\/p>\n<p style=\"text-align: center;\"><strong>AVANT LE 15\/12\/2021<\/strong> <strong>Les personnes int\u00e9ress\u00e9es \u00e0 postuler doivent s&#039;inscrire :<\/strong><\/p>\n<p style=\"text-align: center;\"><strong><a href=\"https:\/\/www.cafcisl.it\/lavora_con_noi\/home-303-corso_per_operatori_fiscali_2022_ferrara\">sur le site Web de la CAF-CISL<\/a><\/strong><\/p>\n<p style=\"text-align: center;\"><a href=\"https:\/\/www.cislferrara.it\/wp-content\/uploads\/2021\/11\/INFO-CORSO-SELEZIONE-CAF-CISL-2022.pdf\" target=\"_blank\" rel=\"noopener\"><strong>T\u00c9L\u00c9CHARGEZ TOUTES LES INFOS<\/strong><\/a><\/p>","protected":false},"excerpt":{"rendered":"<p>A Partire dal mese di Gennaio CAF-CISL Ferrara attiver\u00e0 un &#8220;CORSO DI FORMAZIONE per Addetti al Servizio Fiscale&#8220;, di seguito le relative specifiche organizzative: CHI PUO&#8217; CANDIDARSI: \u2022 Persone disoccupate,&#8230;<\/p>","protected":false},"author":3,"featured_media":2350,"comment_status":"closed","ping_status":"closed","sticky":false,"template":"","format":"standard","meta":{"footnotes":""},"categories":[1,128,19],"tags":[223,88,106,224],"class_list":{"0":"post-3850","1":"post","2":"type-post","3":"status-publish","4":"format-standard","5":"has-post-thumbnail","7":"category-area-stampa","8":"category-caf-cisl","9":"category-cisl-ferrara","10":"tag-corso","11":"tag-corso-gratuito","12":"tag-formazione","13":"tag-servizio-fiscale"},"_links":{"self":[{"href":"https:\/\/www.cislferrara.it\/fr\/wp-json\/wp\/v2\/posts\/3850","targetHints":{"allow":["GET"]}}],"collection":[{"href":"https:\/\/www.cislferrara.it\/fr\/wp-json\/wp\/v2\/posts"}],"about":[{"href":"https:\/\/www.cislferrara.it\/fr\/wp-json\/wp\/v2\/types\/post"}],"author":[{"embeddable":true,"href":"https:\/\/www.cislferrara.it\/fr\/wp-json\/wp\/v2\/users\/3"}],"replies":[{"embeddable":true,"href":"https:\/\/www.cislferrara.it\/fr\/wp-json\/wp\/v2\/comments?post=3850"}],"version-history":[{"count":0,"href":"https:\/\/www.cislferrara.it\/fr\/wp-json\/wp\/v2\/posts\/3850\/revisions"}],"wp:featuredmedia":[{"embeddable":true,"href":"https:\/\/www.cislferrara.it\/fr\/wp-json\/wp\/v2\/media\/2350"}],"wp:attachment":[{"href":"https:\/\/www.cislferrara.it\/fr\/wp-json\/wp\/v2\/media?parent=3850"}],"wp:term":[{"taxonomy":"category","embeddable":true,"href":"https:\/\/www.cislferrara.it\/fr\/wp-json\/wp\/v2\/categories?post=3850"},{"taxonomy":"post_tag","embeddable":true,"href":"https:\/\/www.cislferrara.it\/fr\/wp-json\/wp\/v2\/tags?post=3850"}],"curies":[{"name":"wp","href":"https:\/\/api.w.org\/{rel}","templated":true}]}}