{"id":3846,"date":"2021-11-02T17:33:53","date_gmt":"2021-11-02T16:33:53","guid":{"rendered":"https:\/\/www.cislferrara.it\/?p=3846"},"modified":"2021-11-02T17:33:53","modified_gmt":"2021-11-02T16:33:53","slug":"lettera-ai-bulli","status":"publish","type":"post","link":"https:\/\/www.cislferrara.it\/fr\/lettera-ai-bulli\/","title":{"rendered":"Lettre aux tyrans"},"content":{"rendered":"<p>Lettre aux tyrans<\/p>\n<p>Chers tyrans, je m&#039;adresse \u00e0 vous qui, tard dans l&#039;apr\u00e8s-midi du 31 octobre (cette ann\u00e9e signifie l&#039;ann\u00e9e en cours, je me permets de pr\u00e9ciser car quiconque fait l&#039;\u00e9loge de Mussolini aujourd&#039;hui me semble un peu ignorant), avez tent\u00e9 de pi\u00e9tiner la dignit\u00e9 de quelques tr\u00e8s jeunes femmes et hommes.<\/p>\n<p>Vous avez essay\u00e9, et je le r\u00e9p\u00e8te, car je vous assure qu&#039;apr\u00e8s le choc, l&#039;incr\u00e9dulit\u00e9, vous lui avez donn\u00e9 une force inimaginable. La force de ceux qui d\u00e9cident de vivre leur vie avec respect. Je sais que c&#039;est un concept assez complexe \u00e0 appr\u00e9hender pour ceux qui ne peuvent accepter ceux qui ont le courage d&#039;affronter le monde avec paix, respect et libert\u00e9, en reconnaissant en chacun une personne de valeur \u00e9gale.<\/p>\n<p>Vous n&#039;\u00eates certainement pas stupides. Puisque vous savez allumer un p\u00e9tard, je pense que vous pouvez aussi vous livrer \u00e0 des raisonnements simples, du genre : \u00ab Qu&#039;est-ce que je voulais prouver par ce geste ? \u00c0 qui ? \u00c0 moi-m\u00eame ? \u00c0 la soci\u00e9t\u00e9 ? \u00c0 eux ? \u00bb J&#039;aimerais vous rencontrer pour essayer de comprendre ce qui vous rend si fragiles et vous fait agir comme de parfaits l\u00e2ches. Oui, car ensuite vous avez pris la fuite, et rapidement, en fervents d\u00e9fenseurs d&#039;un pass\u00e9 que les forces civiles, d\u00e9mocratiques et solidaires de cette ville et du pays tout entier ne permettront pas de renouer.<\/p>\n<p>Mais arr\u00eatez les accusations dirig\u00e9es uniquement contre vous. Comme je l&#039;ai dit, j&#039;aimerais vous rencontrer pour vous raconter un peu d&#039;histoire, et pas seulement celle que l&#039;on lit dans les manuels scolaires. Mais des histoires de la vie r\u00e9elle, de femmes et d&#039;hommes qui se sont battus pour d\u00e9fendre la libert\u00e9 de pens\u00e9e, la libert\u00e9 d&#039;expression, la libert\u00e9 de vivre et d&#039;aimer selon leur \u00e2me. Et pensez-y, certains sont morts au nom de cette libert\u00e9, que votre geste d\u00e9nigre.<\/p>\n<p>Vous \u00eates ignorants parce que vous \u00ab\u00a0ignorez\u00a0\u00bb, ce qui signifie \u00ab\u00a0ignorer\u00a0\u00bb. C&#039;est pourquoi je souhaite vous rencontrer, pour rem\u00e9dier \u00e0 une lacune, car si de telles choses se produisent, cette soci\u00e9t\u00e9 dont je fais partie porte certainement une part de responsabilit\u00e9, celle qui vous a accord\u00e9 un \u00ab\u00a0sentiment de libert\u00e9 illimit\u00e9e\u00a0\u00bb, celle qui ne vous a pas appris que \u00ab\u00a0ma libert\u00e9 s&#039;arr\u00eate l\u00e0 o\u00f9 commence la v\u00f4tre\u00a0\u00bb, mais surtout que toute action entra\u00eene une r\u00e9action\u2026 pour ou contre.<\/p>\n<p>Je vous attends.<\/p>\n<p>Le Secr\u00e9taire G\u00e9n\u00e9ral de la CISL Ferrara<\/p>\n<p>Barberis brun <\/p>","protected":false},"excerpt":{"rendered":"<p>Lettre aux tyrans Chers tyrans, Je vous \u00e9cris en fin d&#039;apr\u00e8s-midi du 31 octobre (cette ann\u00e9e repr\u00e9sente, je tiens \u00e0 le pr\u00e9ciser, ceux qui\u2026<\/p>","protected":false},"author":3,"featured_media":3847,"comment_status":"closed","ping_status":"closed","sticky":false,"template":"","format":"standard","meta":{"footnotes":""},"categories":[1,19],"tags":[293,292,291],"class_list":{"0":"post-3846","1":"post","2":"type-post","3":"status-publish","4":"format-standard","5":"has-post-thumbnail","7":"category-area-stampa","8":"category-cisl-ferrara","9":"tag-31-ottobre","10":"tag-bulli","11":"tag-lettera"},"_links":{"self":[{"href":"https:\/\/www.cislferrara.it\/fr\/wp-json\/wp\/v2\/posts\/3846","targetHints":{"allow":["GET"]}}],"collection":[{"href":"https:\/\/www.cislferrara.it\/fr\/wp-json\/wp\/v2\/posts"}],"about":[{"href":"https:\/\/www.cislferrara.it\/fr\/wp-json\/wp\/v2\/types\/post"}],"author":[{"embeddable":true,"href":"https:\/\/www.cislferrara.it\/fr\/wp-json\/wp\/v2\/users\/3"}],"replies":[{"embeddable":true,"href":"https:\/\/www.cislferrara.it\/fr\/wp-json\/wp\/v2\/comments?post=3846"}],"version-history":[{"count":0,"href":"https:\/\/www.cislferrara.it\/fr\/wp-json\/wp\/v2\/posts\/3846\/revisions"}],"wp:featuredmedia":[{"embeddable":true,"href":"https:\/\/www.cislferrara.it\/fr\/wp-json\/wp\/v2\/media\/3847"}],"wp:attachment":[{"href":"https:\/\/www.cislferrara.it\/fr\/wp-json\/wp\/v2\/media?parent=3846"}],"wp:term":[{"taxonomy":"category","embeddable":true,"href":"https:\/\/www.cislferrara.it\/fr\/wp-json\/wp\/v2\/categories?post=3846"},{"taxonomy":"post_tag","embeddable":true,"href":"https:\/\/www.cislferrara.it\/fr\/wp-json\/wp\/v2\/tags?post=3846"}],"curies":[{"name":"wp","href":"https:\/\/api.w.org\/{rel}","templated":true}]}}