{"id":3839,"date":"2021-10-26T08:47:43","date_gmt":"2021-10-26T06:47:43","guid":{"rendered":"https:\/\/www.cislferrara.it\/?p=3839"},"modified":"2021-10-26T08:58:26","modified_gmt":"2021-10-26T06:58:26","slug":"sciopero-26-ottobre","status":"publish","type":"post","link":"https:\/\/www.cislferrara.it\/fr\/sciopero-26-ottobre\/","title":{"rendered":"Gr\u00e8ve du 26 octobre"},"content":{"rendered":"<p>L&#039;accident mortel survenu \u00e0 Yaya Yafa \u00e0 l&#039;int\u00e9rieur de l&#039;Interporto de Bologne nous pr\u00e9sente un probl\u00e8me qui est devenu un fl\u00e9au auquel il faut s&#039;attaquer dans notre syst\u00e8me de production et de services.<\/p>\n<p>Il existe un manque d&#039;investissement et de contr\u00f4le tout au long de la cha\u00eene de production. Les clients ne ma\u00eetrisent souvent pas la d\u00e9centralisation, la sous-traitance et la sous-traitance, ce qui se traduit par la pr\u00e9sence de travailleurs insuffisamment form\u00e9s \u00e0 la s\u00e9curit\u00e9 et manquant de formation et de soutien adapt\u00e9s aux activit\u00e9s qu&#039;ils doivent exercer.<\/p>\n<p>Pour r\u00e9duire les accidents du travail et \u00e9viter leurs cons\u00e9quences dramatiques, il faut acc\u00e9l\u00e9rer le processus de renforcement des services d\u2019inspection, intensifier les sanctions contre les entreprises non conformes et reconna\u00eetre le droit des travailleurs et de leurs repr\u00e9sentants \u00e0 n\u00e9gocier les conditions de travail en vue de limiter les risques professionnels.<\/p>\n<p>Un examen approfondi de la situation \u00e0 l\u2019Interporto, comme dans de nombreux autres lieux de travail, et en particulier dans les sites complexes \u00e0 forte intensit\u00e9 de main-d\u2019\u0153uvre, est n\u00e9cessaire, impliquant la haute direction et tous les niveaux institutionnels responsables de garantir la sant\u00e9 et la s\u00e9curit\u00e9 au travail.<\/p>\n<p>Le prix social pay\u00e9 en raison du nombre d\u2019accidents est inacceptable et insoutenable pour toute communaut\u00e9, et dans toute la r\u00e9gion, nous devons trouver la force de r\u00e9agir et de mettre en \u00e9vidence les causes sous-jacentes des accidents du travail.<\/p>\n<p>Il est prioritaire de remettre au centre le Travail et la Personne qui travaille.<\/p>\n<p><em>\u00a0<\/em><\/p>\n<p><strong><em>Les syndicats CGIL, CISL et UIL de Ferrare ont appel\u00e9 \u00e0 une gr\u00e8ve r\u00e9gionale de deux heures le mardi 26 octobre, suite \u00e0 un nouveau d\u00e9c\u00e8s sur le lieu de travail. La gr\u00e8ve sera organis\u00e9e au niveau des entreprises en fonction des conditions organisationnelles de chaque cat\u00e9gorie.<\/em><\/strong><\/p>\n<p><a href=\"https:\/\/www.cislferrara.it\/wp-content\/uploads\/2021\/10\/Sciopero-26-ottobre.pdf\">PDF<\/a> <\/p>","protected":false},"excerpt":{"rendered":"<p>L\u2019infortunio mortale accaduto a Yaya Yafa all\u2019interno dell\u2019Interporto di Bologna ci pone di fronte un problema che \u00e8 diventato una piaga da curare del nostro sistema produttivo e di servizi&#8230;.<\/p>","protected":false},"author":3,"featured_media":3842,"comment_status":"closed","ping_status":"closed","sticky":false,"template":"","format":"standard","meta":{"footnotes":""},"categories":[1,24,19],"tags":[289,290,101,43],"class_list":{"0":"post-3839","1":"post","2":"type-post","3":"status-publish","4":"format-standard","5":"has-post-thumbnail","7":"category-area-stampa","8":"category-avvisi","9":"category-cisl-ferrara","10":"tag-26-ottobre","11":"tag-incidenti","12":"tag-lavoro","13":"tag-sciopero"},"_links":{"self":[{"href":"https:\/\/www.cislferrara.it\/fr\/wp-json\/wp\/v2\/posts\/3839","targetHints":{"allow":["GET"]}}],"collection":[{"href":"https:\/\/www.cislferrara.it\/fr\/wp-json\/wp\/v2\/posts"}],"about":[{"href":"https:\/\/www.cislferrara.it\/fr\/wp-json\/wp\/v2\/types\/post"}],"author":[{"embeddable":true,"href":"https:\/\/www.cislferrara.it\/fr\/wp-json\/wp\/v2\/users\/3"}],"replies":[{"embeddable":true,"href":"https:\/\/www.cislferrara.it\/fr\/wp-json\/wp\/v2\/comments?post=3839"}],"version-history":[{"count":0,"href":"https:\/\/www.cislferrara.it\/fr\/wp-json\/wp\/v2\/posts\/3839\/revisions"}],"wp:featuredmedia":[{"embeddable":true,"href":"https:\/\/www.cislferrara.it\/fr\/wp-json\/wp\/v2\/media\/3842"}],"wp:attachment":[{"href":"https:\/\/www.cislferrara.it\/fr\/wp-json\/wp\/v2\/media?parent=3839"}],"wp:term":[{"taxonomy":"category","embeddable":true,"href":"https:\/\/www.cislferrara.it\/fr\/wp-json\/wp\/v2\/categories?post=3839"},{"taxonomy":"post_tag","embeddable":true,"href":"https:\/\/www.cislferrara.it\/fr\/wp-json\/wp\/v2\/tags?post=3839"}],"curies":[{"name":"wp","href":"https:\/\/api.w.org\/{rel}","templated":true}]}}