{"id":3744,"date":"2021-05-20T08:43:27","date_gmt":"2021-05-20T06:43:27","guid":{"rendered":"https:\/\/www.cislferrara.it\/?p=3744"},"modified":"2021-05-20T08:46:09","modified_gmt":"2021-05-20T06:46:09","slug":"assemblea-generale-unitaria","status":"publish","type":"post","link":"https:\/\/www.cislferrara.it\/fr\/assemblea-generale-unitaria\/","title":{"rendered":"Assembl\u00e9e g\u00e9n\u00e9rale paritaire"},"content":{"rendered":"<p><a href=\"https:\/\/www.cislferrara.it\/wp-content\/uploads\/2021\/05\/volantino-luoghi-di-lav.jpg\"><img loading=\"lazy\" decoding=\"async\" class=\"alignnone size-large wp-image-3746\" src=\"https:\/\/www.cislferrara.it\/wp-content\/uploads\/2021\/05\/volantino-luoghi-di-lav-724x1024.jpg\" alt=\"\" width=\"724\" height=\"1024\" srcset=\"https:\/\/www.cislferrara.it\/wp-content\/uploads\/2021\/05\/volantino-luoghi-di-lav-724x1024.jpg 724w, https:\/\/www.cislferrara.it\/wp-content\/uploads\/2021\/05\/volantino-luoghi-di-lav-212x300.jpg 212w, https:\/\/www.cislferrara.it\/wp-content\/uploads\/2021\/05\/volantino-luoghi-di-lav-768x1086.jpg 768w\" sizes=\"auto, (max-width: 724px) 100vw, 724px\" \/><\/a> <\/p>","protected":false},"excerpt":{"rendered":"","protected":false},"author":3,"featured_media":3748,"comment_status":"closed","ping_status":"closed","sticky":false,"template":"","format":"standard","meta":{"footnotes":""},"categories":[1,19],"tags":[274,270,272,273,271],"class_list":{"0":"post-3744","1":"post","2":"type-post","3":"status-publish","4":"format-standard","5":"has-post-thumbnail","7":"category-area-stampa","8":"category-cisl-ferrara","9":"tag-20-maggio","10":"tag-assemblea","11":"tag-salute","12":"tag-sicurezza","13":"tag-unitaria"},"_links":{"self":[{"href":"https:\/\/www.cislferrara.it\/fr\/wp-json\/wp\/v2\/posts\/3744","targetHints":{"allow":["GET"]}}],"collection":[{"href":"https:\/\/www.cislferrara.it\/fr\/wp-json\/wp\/v2\/posts"}],"about":[{"href":"https:\/\/www.cislferrara.it\/fr\/wp-json\/wp\/v2\/types\/post"}],"author":[{"embeddable":true,"href":"https:\/\/www.cislferrara.it\/fr\/wp-json\/wp\/v2\/users\/3"}],"replies":[{"embeddable":true,"href":"https:\/\/www.cislferrara.it\/fr\/wp-json\/wp\/v2\/comments?post=3744"}],"version-history":[{"count":0,"href":"https:\/\/www.cislferrara.it\/fr\/wp-json\/wp\/v2\/posts\/3744\/revisions"}],"wp:featuredmedia":[{"embeddable":true,"href":"https:\/\/www.cislferrara.it\/fr\/wp-json\/wp\/v2\/media\/3748"}],"wp:attachment":[{"href":"https:\/\/www.cislferrara.it\/fr\/wp-json\/wp\/v2\/media?parent=3744"}],"wp:term":[{"taxonomy":"category","embeddable":true,"href":"https:\/\/www.cislferrara.it\/fr\/wp-json\/wp\/v2\/categories?post=3744"},{"taxonomy":"post_tag","embeddable":true,"href":"https:\/\/www.cislferrara.it\/fr\/wp-json\/wp\/v2\/tags?post=3744"}],"curies":[{"name":"wp","href":"https:\/\/api.w.org\/{rel}","templated":true}]}}