{"id":3592,"date":"2020-11-23T19:12:56","date_gmt":"2020-11-23T18:12:56","guid":{"rendered":"https:\/\/www.cislferrara.it\/?p=3592"},"modified":"2020-11-24T07:50:25","modified_gmt":"2020-11-24T06:50:25","slug":"corso-di-formazione-per-addetti-al-servizio-fiscale-2","status":"publish","type":"post","link":"https:\/\/www.cislferrara.it\/fr\/corso-di-formazione-per-addetti-al-servizio-fiscale-2\/","title":{"rendered":"COURS DE FORMATION pour les agents des services fiscaux"},"content":{"rendered":"<div align=\"left\"><span style=\"color: #000000; font-family: Calibri;\"><u><b>Aux cat\u00e9gories syndicales de la CISL Ferrara<\/b><\/u><\/span><\/div>\n<p>&nbsp;<\/p>\n<div align=\"left\"><span style=\"color: #000000; font-family: Calibri;\">\u00c0 partir de janvier, la CAF-CISL Ferrara activera un \u00ab<u><b>COURS DE FORMATION pour les agents des services fiscaux \u00bb, <\/b><\/u><\/span><\/div>\n<div align=\"left\"><span style=\"color: #000000; font-family: Calibri;\"><u><b>Vous trouverez ci-dessous les sp\u00e9cifications organisationnelles pertinentes :<\/b><\/u><\/span><\/div>\n<p>&nbsp;<\/p>\n<div align=\"left\"><span style=\"color: #000000; font-family: Calibri;\"><b>QUI PEUT POSTULER :<\/b><\/span><\/div>\n<p>&nbsp;<\/p>\n<ul>\n<li><span style=\"color: #000000; font-family: Calibri;\">Les ch\u00f4meurs,<\/span><\/li>\n<li><span style=\"color: #000000; font-family: Calibri;\">Titulaire d&#039;un dipl\u00f4me professionnel, d&#039;un dipl\u00f4me d&#039;\u00e9tudes secondaires ou d&#039;un dipl\u00f4me universitaire;<\/span><\/li>\n<li><span style=\"color: #000000; font-family: Calibri;\">Poss\u00e9der de bonnes comp\u00e9tences informatiques ;<br \/>\n<\/span><\/li>\n<\/ul>\n<div align=\"left\"><span style=\"color: #000000; font-family: Calibri;\">Une exp\u00e9rience pr\u00e9alable dans le domaine administratif sera un plus, le profil sera \u00e9galement compl\u00e9t\u00e9 par une forte aptitude \u00e0 traiter avec le public et une approche scrupuleuse et ordonn\u00e9e.<\/span><\/div>\n<p>&nbsp;<\/p>\n<div align=\"left\"><span style=\"color: #000000; font-family: Calibri;\"><b>CARACT\u00c9RISTIQUES DU COURS :<\/b><\/span><\/div>\n<p>&nbsp;<\/p>\n<div align=\"left\"><span style=\"color: #000000; font-family: Calibri;\">\u2013 Le cours durera environ 160 heures et sera divis\u00e9 en modules de 6\/8 heures (lundi-mercredi-vendredi)<\/span><\/div>\n<div align=\"left\"><span style=\"color: #000000; font-family: Calibri;\">\u2013 De janvier 2021 \u00e0 mars 2021 en mode d&#039;apprentissage \u00e0 distance (GoogleMEET) \u2013 En personne (COVID-19 requis)<\/span><\/div>\n<div align=\"left\"><span style=\"color: #000000; font-family: Calibri;\">\u2013 Des exercices sur PC et des \u00e9valuations d\u2019apprentissage sont \u00e9galement pr\u00e9vus.<\/span><\/div>\n<div align=\"left\"><span style=\"color: #000000; font-family: Calibri;\">\u2013 Il n\u2019y a pas de remboursement pour la participation.<\/span><\/div>\n<div align=\"left\"><span style=\"color: #000000; font-family: Calibri;\">\u2013 Le cours est enti\u00e8rement gratuit<\/span><\/div>\n<p>&nbsp;<\/p>\n<div align=\"left\"><span style=\"color: #000000; font-family: Calibri;\"><b>OFFRES D&#039;EMPLOI :<\/b><\/span><\/div>\n<p>&nbsp;<\/p>\n<div align=\"left\"><span style=\"color: #000000; font-family: Calibri;\">\u00c0 la fin du cours, les candidats seront s\u00e9lectionn\u00e9s parmi le personnel participant pour r\u00e9aliser la campagne fiscale 730\/2021 dans les bureaux de Ferrare et provinciaux.<\/span><\/div>\n<p>&nbsp;<\/p>\n<div align=\"left\"><span style=\"color: #dd0000; font-family: Calibri;\"><b>Les personnes int\u00e9ress\u00e9es doivent s&#039;inscrire sur le site Web de la CAF-CISL\u00a0<\/b><\/span><span style=\"color: #dd0000; font-family: Calibri;\"><b>AVANT LE 15\/12\/20120<\/b><\/span><\/div>\n<p>&nbsp;<\/p>\n<div align=\"left\"><span style=\"color: #0000dd; font-family: Calibri;\"><b><a href=\"https:\/\/www.cafcisl.it\/schede-8-lavora_con_noi\" target=\"_blank\" rel=\"noopener\" data-saferedirecturl=\"https:\/\/www.google.com\/url?q=https:\/\/www.cafcisl.it\/schede-8-lavora_con_noi&amp;source=gmail&amp;ust=1606236335154000&amp;usg=AOvVaw3MoiwvOPqv48s9hVYVIh7p\">https:\/\/www.cafcisl.it\/schede-<wbr \/>8-travaillez_avec_nous<\/a><\/b><\/span><\/div>\n<p>&nbsp;<\/p>\n<div align=\"left\"><span style=\"color: #dd0000; font-family: Calibri;\"><b>en envoyant \u00e9galement votre candidature \u00e0 RADSTADT dans les bureaux de la Province (FERRARA et CENTO)<\/b><\/span><\/div>\n<div align=\"left\"><span style=\"color: #dd0000; font-family: Calibri;\"><b>aux adresses EMAIL suivantes : \u00a0\u00a0\u00a0<\/b><\/span><span style=\"color: #0000dd; font-family: Calibri;\"><b><a href=\"mailto:ferrara@randstadt.it\" target=\"_blank\" rel=\"noopener\">ferrara@randstadt.it<\/a>\u00a0\u00a0\u00a0ou \u00a0\u00a0<a href=\"mailto:cento@randstadt.it\" target=\"_blank\" rel=\"noopener\">cento@randstadt.it<\/a><\/b><\/span><\/div>\n<p>&nbsp;<\/p>\n<div align=\"left\"><span style=\"color: #000000; font-family: Calibri;\">Les pr\u00e9s\u00e9lections pour le cours sont pr\u00e9vues pour les premiers jours de janvier 2021<\/span><\/div>\n<div align=\"left\"><\/div>\n<p><a href=\"https:\/\/www.cislferrara.it\/wp-content\/uploads\/2020\/11\/Volantino-CAF-CISL-RANDSTAD.pdf\" target=\"_blank\" rel=\"noopener\"><strong>PROSPECTUS<\/strong><\/a> <\/p>","protected":false},"excerpt":{"rendered":"<p>Alle Categorie SINDACALI CISL Ferrara &nbsp; A Partire dal \u00a0mese di Gennaio \u00a0CAF-CISL Ferrara attiver\u00e0 un &#8220;CORSO DI FORMAZIONE per Addetti al Servizio Fiscale&#8221;, di seguito le relative specifiche organizzative:&#8230;<\/p>","protected":false},"author":3,"featured_media":3596,"comment_status":"closed","ping_status":"closed","sticky":false,"template":"","format":"standard","meta":{"footnotes":""},"categories":[128,19],"tags":[51,223,224],"class_list":{"0":"post-3592","1":"post","2":"type-post","3":"status-publish","4":"format-standard","5":"has-post-thumbnail","7":"category-caf-cisl","8":"category-cisl-ferrara","9":"tag-caf","10":"tag-corso","11":"tag-servizio-fiscale"},"_links":{"self":[{"href":"https:\/\/www.cislferrara.it\/fr\/wp-json\/wp\/v2\/posts\/3592","targetHints":{"allow":["GET"]}}],"collection":[{"href":"https:\/\/www.cislferrara.it\/fr\/wp-json\/wp\/v2\/posts"}],"about":[{"href":"https:\/\/www.cislferrara.it\/fr\/wp-json\/wp\/v2\/types\/post"}],"author":[{"embeddable":true,"href":"https:\/\/www.cislferrara.it\/fr\/wp-json\/wp\/v2\/users\/3"}],"replies":[{"embeddable":true,"href":"https:\/\/www.cislferrara.it\/fr\/wp-json\/wp\/v2\/comments?post=3592"}],"version-history":[{"count":0,"href":"https:\/\/www.cislferrara.it\/fr\/wp-json\/wp\/v2\/posts\/3592\/revisions"}],"wp:featuredmedia":[{"embeddable":true,"href":"https:\/\/www.cislferrara.it\/fr\/wp-json\/wp\/v2\/media\/3596"}],"wp:attachment":[{"href":"https:\/\/www.cislferrara.it\/fr\/wp-json\/wp\/v2\/media?parent=3592"}],"wp:term":[{"taxonomy":"category","embeddable":true,"href":"https:\/\/www.cislferrara.it\/fr\/wp-json\/wp\/v2\/categories?post=3592"},{"taxonomy":"post_tag","embeddable":true,"href":"https:\/\/www.cislferrara.it\/fr\/wp-json\/wp\/v2\/tags?post=3592"}],"curies":[{"name":"wp","href":"https:\/\/api.w.org\/{rel}","templated":true}]}}