{"id":3577,"date":"2020-11-23T18:10:38","date_gmt":"2020-11-23T17:10:38","guid":{"rendered":"https:\/\/www.cislferrara.it\/?p=3577"},"modified":"2020-12-10T13:22:32","modified_gmt":"2020-12-10T12:22:32","slug":"giornata-internazionale-per-leliminazione-della-violenza-contro-le-donne","status":"publish","type":"post","link":"https:\/\/www.cislferrara.it\/fr\/giornata-internazionale-per-leliminazione-della-violenza-contro-le-donne\/","title":{"rendered":"JOURN\u00c9E INTERNATIONALE POUR L&#039;\u00c9LIMINATION DE LA VIOLENCE \u00c0 L&#039;\u00c9GARD DES FEMMES"},"content":{"rendered":"<p>Mercredi 25 novembre \u00e0 17h00 FLASH MOB \u00e0 l&#039;occasion de la JOURN\u00c9E INTERNATIONALE POUR L&#039;\u00c9LIMINATION DE LA VIOLENCE \u00c0 L&#039;\u00c9GARD DES FEMMES.<\/p>\n<p>Nous sommes sur la Piazza Trento e Trieste (devant le Palazzo San Crispino) v\u00eatus de v\u00eatements sombres, avec un masque rouge, en maintenant de mani\u00e8re responsable et consciencieuse la distance dans le respect de la r\u00e9glementation en vigueur.<\/p>\n<p>Nous resterons silencieux derri\u00e8re des pancartes qui parleront pour nous. Nous serons l\u00e0 pour ne pas perdre le sens d&#039;une date importante, pour dire non \u00e0 la culture de la violence, pour un engagement qui ne doit jamais faillir.<\/p>\n<p>Ils se joignent<br \/>\nARCI FERRARA APS<br \/>\nARCIGAY FERRARA LES LUNETTES DOR\u00c9ES<br \/>\nCAM FERRARA<br \/>\nCITOYENS DANS LE MONDE<br \/>\nLEGACOOP FERRARE<br \/>\nD\u00c9SHERBEURS VIOLETTES<br \/>\nPD FERRARA<br \/>\nPARTI POUR FERRARE<\/p>\n<p><a href=\"https:\/\/www.facebook.com\/events\/645460409483432\/\" target=\"_blank\" rel=\"noopener\">Suivez-nous sur Facebook<\/a><a href=\"https:\/\/www.cislferrara.it\/wp-content\/uploads\/2020\/11\/volantino-2020.jpg\"><img loading=\"lazy\" decoding=\"async\" class=\"alignnone size-large wp-image-3583\" src=\"https:\/\/www.cislferrara.it\/wp-content\/uploads\/2020\/11\/volantino-2020-724x1024.jpg\" alt=\"\" width=\"724\" height=\"1024\" srcset=\"https:\/\/www.cislferrara.it\/wp-content\/uploads\/2020\/11\/volantino-2020-724x1024.jpg 724w, https:\/\/www.cislferrara.it\/wp-content\/uploads\/2020\/11\/volantino-2020-212x300.jpg 212w, https:\/\/www.cislferrara.it\/wp-content\/uploads\/2020\/11\/volantino-2020-768x1086.jpg 768w, https:\/\/www.cislferrara.it\/wp-content\/uploads\/2020\/11\/volantino-2020.jpg 1241w\" sizes=\"auto, (max-width: 724px) 100vw, 724px\" \/><\/a><a href=\"https:\/\/www.cislferrara.it\/wp-content\/uploads\/2020\/11\/LOCANDINA-11-dic.jpg\"><img loading=\"lazy\" decoding=\"async\" class=\"alignnone size-large wp-image-3618\" src=\"https:\/\/www.cislferrara.it\/wp-content\/uploads\/2020\/11\/LOCANDINA-11-dic-713x1024.jpg\" alt=\"\" width=\"713\" height=\"1024\" srcset=\"https:\/\/www.cislferrara.it\/wp-content\/uploads\/2020\/11\/LOCANDINA-11-dic-713x1024.jpg 713w, https:\/\/www.cislferrara.it\/wp-content\/uploads\/2020\/11\/LOCANDINA-11-dic-209x300.jpg 209w, https:\/\/www.cislferrara.it\/wp-content\/uploads\/2020\/11\/LOCANDINA-11-dic-768x1103.jpg 768w, https:\/\/www.cislferrara.it\/wp-content\/uploads\/2020\/11\/LOCANDINA-11-dic.jpg 1114w\" sizes=\"auto, (max-width: 713px) 100vw, 713px\" \/><\/a> <\/p>","protected":false},"excerpt":{"rendered":"<p>Mercredi 25 novembre \u00e0 17h, Flash Mob \u00e0 l&#039;occasion de la Journ\u00e9e internationale pour l&#039;\u00e9limination de la violence \u00e0 l&#039;\u00e9gard des femmes. Nous nous trouvons sur la Piazza Trento e Trieste (devant le Palazzo\u2026<\/p>","protected":false},"author":3,"featured_media":3578,"comment_status":"closed","ping_status":"closed","sticky":false,"template":"","format":"standard","meta":{"footnotes":""},"categories":[1,24,19],"tags":[],"class_list":{"0":"post-3577","1":"post","2":"type-post","3":"status-publish","4":"format-standard","5":"has-post-thumbnail","7":"category-area-stampa","8":"category-avvisi","9":"category-cisl-ferrara"},"_links":{"self":[{"href":"https:\/\/www.cislferrara.it\/fr\/wp-json\/wp\/v2\/posts\/3577","targetHints":{"allow":["GET"]}}],"collection":[{"href":"https:\/\/www.cislferrara.it\/fr\/wp-json\/wp\/v2\/posts"}],"about":[{"href":"https:\/\/www.cislferrara.it\/fr\/wp-json\/wp\/v2\/types\/post"}],"author":[{"embeddable":true,"href":"https:\/\/www.cislferrara.it\/fr\/wp-json\/wp\/v2\/users\/3"}],"replies":[{"embeddable":true,"href":"https:\/\/www.cislferrara.it\/fr\/wp-json\/wp\/v2\/comments?post=3577"}],"version-history":[{"count":0,"href":"https:\/\/www.cislferrara.it\/fr\/wp-json\/wp\/v2\/posts\/3577\/revisions"}],"wp:featuredmedia":[{"embeddable":true,"href":"https:\/\/www.cislferrara.it\/fr\/wp-json\/wp\/v2\/media\/3578"}],"wp:attachment":[{"href":"https:\/\/www.cislferrara.it\/fr\/wp-json\/wp\/v2\/media?parent=3577"}],"wp:term":[{"taxonomy":"category","embeddable":true,"href":"https:\/\/www.cislferrara.it\/fr\/wp-json\/wp\/v2\/categories?post=3577"},{"taxonomy":"post_tag","embeddable":true,"href":"https:\/\/www.cislferrara.it\/fr\/wp-json\/wp\/v2\/tags?post=3577"}],"curies":[{"name":"wp","href":"https:\/\/api.w.org\/{rel}","templated":true}]}}