{"id":3438,"date":"2020-05-04T18:53:57","date_gmt":"2020-05-04T16:53:57","guid":{"rendered":"https:\/\/www.cislferrara.it\/?p=3438"},"modified":"2020-05-04T20:18:20","modified_gmt":"2020-05-04T18:18:20","slug":"4-maggio-riapre-la-sede-cisl-ferrara","status":"publish","type":"post","link":"https:\/\/www.cislferrara.it\/fr\/4-maggio-riapre-la-sede-cisl-ferrara\/","title":{"rendered":"4 mai. Changements d&#039;acc\u00e8s aux services CISL Ferrara."},"content":{"rendered":"<p>\u00c0 compter du 4 mai, nos bureaux ne sont plus ouverts.<br \/>\nNous resterons ouverts au public comme avant la crise sanitaire li\u00e9e \u00e0 la Covid-19. Cependant, nous reprendrons progressivement nos services fiscaux (730 et IMU) en prenant toutes les mesures n\u00e9cessaires pour prot\u00e9ger la sant\u00e9 de nos citoyens et de nos employ\u00e9s.<\/p>\n<p>&nbsp;<\/p>\n<p>1. Si vous avez un rendez-vous pr\u00e9vu pour votre d\u00e9claration de revenus\/d\u00e9claration de revenus IMU \u00e0 partir du 4 mai, vous pourrez vous rendre dans nos bureaux.<br \/>\nAfin de garantir une distanciation sociale ad\u00e9quate et d&#039;\u00e9viter les rassemblements, veuillez arriver \u00e0 l&#039;heure convenue.<br \/>\n2. N&#039;oubliez pas de porter des gants et un masque.<br \/>\n3. Si vous n&#039;avez pas de rendez-vous, merci de ne pas vous pr\u00e9senter \u00e0 nos bureaux. L&#039;acc\u00e8s pour prendre rendez-vous ou demander des informations ne sera pas autoris\u00e9, et les rassemblements non essentiels devant nos bureaux sont interdits.<br \/>\n4. Vous pouvez demander des rendez-vous et des informations sur les services fiscaux et tous les services offerts par CISL exclusivement via les num\u00e9ros indiqu\u00e9s ci-dessous.<br \/>\n5. Vous pouvez \u00e9galement nous contacter par courriel.<\/p>\n<p>&nbsp;<\/p>\n<p><strong>Nouveaut\u00e9s pour la campagne fiscale de 2020\u00a0:<\/strong><br \/>\nVous pouvez d\u00e9poser votre formulaire 730 en ligne aupr\u00e8s de Personal Caf \u2013 https:\/\/www.cafcisl.it\/schede-12-personal_caf<\/p>\n<p><strong>Patronage d&#039;Inas Cisl<\/strong><br \/>\nPour les services du Patronato (ch\u00f4mage, pensions et cotisations, aide au revenu, invalidit\u00e9, etc.), les activit\u00e9s reprendront \u00e9galement progressivement \u00e0 partir du 6 mai, mais les directives pr\u00e9c\u00e9dentes restent applicables.<\/p>\n<p><a href=\"https:\/\/www.cislferrara.it\/wp-content\/uploads\/2020\/05\/IMG_20200504_185420.jpg\"><img loading=\"lazy\" decoding=\"async\" class=\"alignnone size-full wp-image-3441\" src=\"https:\/\/www.cislferrara.it\/wp-content\/uploads\/2020\/05\/IMG_20200504_185420.jpg\" alt=\"\" width=\"996\" height=\"571\" srcset=\"https:\/\/www.cislferrara.it\/wp-content\/uploads\/2020\/05\/IMG_20200504_185420.jpg 996w, https:\/\/www.cislferrara.it\/wp-content\/uploads\/2020\/05\/IMG_20200504_185420-300x172.jpg 300w, https:\/\/www.cislferrara.it\/wp-content\/uploads\/2020\/05\/IMG_20200504_185420-768x440.jpg 768w, https:\/\/www.cislferrara.it\/wp-content\/uploads\/2020\/05\/IMG_20200504_185420-750x430.jpg 750w\" sizes=\"auto, (max-width: 996px) 100vw, 996px\" \/><\/a> <\/p>","protected":false},"excerpt":{"rendered":"<p>\u00c0 compter du 4 mai, nos bureaux ne sont plus ouverts.<br \/>\naperte al pubblico, come nel periodo antecedente all\u2019emergenza Covid 19, tuttavia, riprenderemo,<br \/>\ngradualmente, l\u2019attivit\u00e0 del servizio fiscale<br \/>\n(730 ed IMU) mettendo in campo tutte le azioni necessarie per tutelare la salute dei cittadini e dei nostri dipendenti.<\/p>","protected":false},"author":3,"featured_media":3439,"comment_status":"closed","ping_status":"closed","sticky":false,"template":"","format":"standard","meta":{"footnotes":""},"categories":[19],"tags":[],"class_list":{"0":"post-3438","1":"post","2":"type-post","3":"status-publish","4":"format-standard","5":"has-post-thumbnail","7":"category-cisl-ferrara"},"_links":{"self":[{"href":"https:\/\/www.cislferrara.it\/fr\/wp-json\/wp\/v2\/posts\/3438","targetHints":{"allow":["GET"]}}],"collection":[{"href":"https:\/\/www.cislferrara.it\/fr\/wp-json\/wp\/v2\/posts"}],"about":[{"href":"https:\/\/www.cislferrara.it\/fr\/wp-json\/wp\/v2\/types\/post"}],"author":[{"embeddable":true,"href":"https:\/\/www.cislferrara.it\/fr\/wp-json\/wp\/v2\/users\/3"}],"replies":[{"embeddable":true,"href":"https:\/\/www.cislferrara.it\/fr\/wp-json\/wp\/v2\/comments?post=3438"}],"version-history":[{"count":0,"href":"https:\/\/www.cislferrara.it\/fr\/wp-json\/wp\/v2\/posts\/3438\/revisions"}],"wp:featuredmedia":[{"embeddable":true,"href":"https:\/\/www.cislferrara.it\/fr\/wp-json\/wp\/v2\/media\/3439"}],"wp:attachment":[{"href":"https:\/\/www.cislferrara.it\/fr\/wp-json\/wp\/v2\/media?parent=3438"}],"wp:term":[{"taxonomy":"category","embeddable":true,"href":"https:\/\/www.cislferrara.it\/fr\/wp-json\/wp\/v2\/categories?post=3438"},{"taxonomy":"post_tag","embeddable":true,"href":"https:\/\/www.cislferrara.it\/fr\/wp-json\/wp\/v2\/tags?post=3438"}],"curies":[{"name":"wp","href":"https:\/\/api.w.org\/{rel}","templated":true}]}}