{"id":3426,"date":"2020-04-30T21:15:33","date_gmt":"2020-04-30T19:15:33","guid":{"rendered":"https:\/\/www.cislferrara.it\/?p=3426"},"modified":"2020-04-30T21:15:33","modified_gmt":"2020-04-30T19:15:33","slug":"70-anni-fa-nasceva-la-cisl","status":"publish","type":"post","link":"https:\/\/www.cislferrara.it\/fr\/70-anni-fa-nasceva-la-cisl\/","title":{"rendered":"Il y a 70 ans naissait la Cisl"},"content":{"rendered":"<p>\u2026et ce sera un syndicat fort, libre et d\u00e9mocratique qui obtiendra la justice pour les travailleurs, seul le syndicat prot\u00e9gera la libert\u00e9, seul le syndicat libre, fort et d\u00e9mocratique formera la base d\u2019une paix s\u00fbre\u2026<\/p>\n<p style=\"text-align: right;\"><span style=\"text-align: right; text-transform: initial;\">(Julius Shepherd)<\/span><\/p>\n<p>&nbsp;<\/p>\n<p style=\"text-align: center;\">Rome, 30 avril 1950, Th\u00e9\u00e2tre Adriano, assembl\u00e9e fondatrice de la Conf\u00e9d\u00e9ration italienne des syndicats de travailleurs<\/p>\n<p>Depuis 70 ans, forts de notre pens\u00e9e libre et d\u00e9mocratique, nous suivons la ligne trac\u00e9e par notre P\u00e8re fondateur : \u00ab pour la Personne, pour l&#039;\u0152uvre \u00bb<\/p>\n<p style=\"text-align: right;\">CISL FERRARE<\/p>","protected":false},"excerpt":{"rendered":"<p>\u2026et ce sera un syndicat fort, libre et d\u00e9mocratique qui obtiendra la justice pour les travailleurs, seul le syndicat prot\u00e9gera la libert\u00e9, seul le syndicat libre, fort et d\u00e9mocratique se formera\u2026<\/p>","protected":false},"author":3,"featured_media":3427,"comment_status":"closed","ping_status":"closed","sticky":false,"template":"","format":"standard","meta":{"footnotes":""},"categories":[1],"tags":[],"class_list":{"0":"post-3426","1":"post","2":"type-post","3":"status-publish","4":"format-standard","5":"has-post-thumbnail","7":"category-area-stampa"},"_links":{"self":[{"href":"https:\/\/www.cislferrara.it\/fr\/wp-json\/wp\/v2\/posts\/3426","targetHints":{"allow":["GET"]}}],"collection":[{"href":"https:\/\/www.cislferrara.it\/fr\/wp-json\/wp\/v2\/posts"}],"about":[{"href":"https:\/\/www.cislferrara.it\/fr\/wp-json\/wp\/v2\/types\/post"}],"author":[{"embeddable":true,"href":"https:\/\/www.cislferrara.it\/fr\/wp-json\/wp\/v2\/users\/3"}],"replies":[{"embeddable":true,"href":"https:\/\/www.cislferrara.it\/fr\/wp-json\/wp\/v2\/comments?post=3426"}],"version-history":[{"count":0,"href":"https:\/\/www.cislferrara.it\/fr\/wp-json\/wp\/v2\/posts\/3426\/revisions"}],"wp:featuredmedia":[{"embeddable":true,"href":"https:\/\/www.cislferrara.it\/fr\/wp-json\/wp\/v2\/media\/3427"}],"wp:attachment":[{"href":"https:\/\/www.cislferrara.it\/fr\/wp-json\/wp\/v2\/media?parent=3426"}],"wp:term":[{"taxonomy":"category","embeddable":true,"href":"https:\/\/www.cislferrara.it\/fr\/wp-json\/wp\/v2\/categories?post=3426"},{"taxonomy":"post_tag","embeddable":true,"href":"https:\/\/www.cislferrara.it\/fr\/wp-json\/wp\/v2\/tags?post=3426"}],"curies":[{"name":"wp","href":"https:\/\/api.w.org\/{rel}","templated":true}]}}