{"id":3417,"date":"2020-04-21T18:15:35","date_gmt":"2020-04-21T16:15:35","guid":{"rendered":"https:\/\/www.cislferrara.it\/?p=3417"},"modified":"2020-04-21T18:15:35","modified_gmt":"2020-04-21T16:15:35","slug":"storia-della-cisl-36esima-puntata-di-generazioni-tv","status":"publish","type":"post","link":"https:\/\/www.cislferrara.it\/fr\/storia-della-cisl-36esima-puntata-di-generazioni-tv\/","title":{"rendered":"Histoire de CISL : 36\u00e8me \u00e9pisode de Generazioni TV"},"content":{"rendered":"<p>Aujourd&#039;hui, nous vous proposons \u00e0 nouveau le 36e \u00e9pisode de Generazioni TV, publi\u00e9 le 17 juin 2019.<\/p>\n<p>Dans cet \u00e9pisode, consacr\u00e9 \u00e0 la conf\u00e9rence FNP CISL sur le r\u00f4le des syndicats aujourd&#039;hui, les anciens secr\u00e9taires g\u00e9n\u00e9raux Franco Marini et Sergio D&#039;Andoni ont \u00e9t\u00e9 interview\u00e9s.<\/p>\n<p>La pr\u00e9sentation initiale a \u00e9t\u00e9 donn\u00e9e par notre secr\u00e9taire r\u00e9gional du FNP \u00c9milie-Romagne, Loris Cavalletti, et a \u00e9t\u00e9 suivie par les discours de Lidia Giombini, pr\u00e9sidente du Conseil r\u00e9gional d&#039;Anteas \u00c9milie-Romagne, et de l&#039;archev\u00eaque de Bologne, Matteo Zuppi.<\/p>\n<p>L&#039;\u00e9pisode complet est joint.<\/p>\n<p>Cliquez ici pour voir le <a href=\"https:\/\/youtu.be\/EMBQbAfSHEg\">VID\u00c9O<\/a> <\/p>","protected":false},"excerpt":{"rendered":"<p>Aujourd&#039;hui, nous rediffusons le 36e \u00e9pisode de Generazioni TV, publi\u00e9 le 17 juin 2019. Dans cet \u00e9pisode, consacr\u00e9 \u00e0 la conf\u00e9rence FNP CISL sur le r\u00f4le des syndicats aujourd&#039;hui, nous avons interview\u00e9\u2026<\/p>","protected":false},"author":3,"featured_media":3418,"comment_status":"closed","ping_status":"closed","sticky":false,"template":"","format":"standard","meta":{"footnotes":""},"categories":[16],"tags":[],"class_list":{"0":"post-3417","1":"post","2":"type-post","3":"status-publish","4":"format-standard","5":"has-post-thumbnail","7":"category-fnp"},"_links":{"self":[{"href":"https:\/\/www.cislferrara.it\/fr\/wp-json\/wp\/v2\/posts\/3417","targetHints":{"allow":["GET"]}}],"collection":[{"href":"https:\/\/www.cislferrara.it\/fr\/wp-json\/wp\/v2\/posts"}],"about":[{"href":"https:\/\/www.cislferrara.it\/fr\/wp-json\/wp\/v2\/types\/post"}],"author":[{"embeddable":true,"href":"https:\/\/www.cislferrara.it\/fr\/wp-json\/wp\/v2\/users\/3"}],"replies":[{"embeddable":true,"href":"https:\/\/www.cislferrara.it\/fr\/wp-json\/wp\/v2\/comments?post=3417"}],"version-history":[{"count":0,"href":"https:\/\/www.cislferrara.it\/fr\/wp-json\/wp\/v2\/posts\/3417\/revisions"}],"wp:featuredmedia":[{"embeddable":true,"href":"https:\/\/www.cislferrara.it\/fr\/wp-json\/wp\/v2\/media\/3418"}],"wp:attachment":[{"href":"https:\/\/www.cislferrara.it\/fr\/wp-json\/wp\/v2\/media?parent=3417"}],"wp:term":[{"taxonomy":"category","embeddable":true,"href":"https:\/\/www.cislferrara.it\/fr\/wp-json\/wp\/v2\/categories?post=3417"},{"taxonomy":"post_tag","embeddable":true,"href":"https:\/\/www.cislferrara.it\/fr\/wp-json\/wp\/v2\/tags?post=3417"}],"curies":[{"name":"wp","href":"https:\/\/api.w.org\/{rel}","templated":true}]}}