{"id":3414,"date":"2020-04-20T16:37:17","date_gmt":"2020-04-20T14:37:17","guid":{"rendered":"https:\/\/www.cislferrara.it\/?p=3414"},"modified":"2020-04-20T16:37:17","modified_gmt":"2020-04-20T14:37:17","slug":"storia-della-cislpierre-carniti","status":"publish","type":"post","link":"https:\/\/www.cislferrara.it\/fr\/storia-della-cislpierre-carniti\/","title":{"rendered":"Histoire du CISL : Pierre Carniti"},"content":{"rendered":"<div class=\"row\">\n<div class=\"col-xs-12\">\n<p>Dans la vid\u00e9o ci-jointe, nous retra\u00e7ons l&#039;histoire de Pierre Carniti (1936-2018), Secr\u00e9taire G\u00e9n\u00e9ral du CISL de 1979 \u00e0 1985.<\/p>\n<p>Regardez la vid\u00e9o<\/p>\n<\/div>\n<\/div>\n<p><!--more--><\/p>\n<div class=\"row mt40\">\n<div class=\"col-xs-12 text-center\"><a class=\"btn btn-default btn-lg\" title=\"Retour aux actualit\u00e9s\" href=\"https:\/\/www.pensionaticislemiliaromagna.it\/articolo-576\/storia-della-cislpierre-carniti\/notizie.aspx\"><i class=\"fa fa-arrow-left green\"><\/i>\u00a0Retour aux actualit\u00e9s<\/a><\/div>\n<\/div>","protected":false},"excerpt":{"rendered":"<p>Dans la vid\u00e9o ci-jointe, nous retra\u00e7ons l&#039;histoire de Pierre Carniti (1936-2018) Secr\u00e9taire g\u00e9n\u00e9ral du CISL de 1979 \u00e0 1985. Regardez la vid\u00e9o<\/p>","protected":false},"author":3,"featured_media":3415,"comment_status":"closed","ping_status":"closed","sticky":false,"template":"","format":"standard","meta":{"footnotes":""},"categories":[16],"tags":[222],"class_list":{"0":"post-3414","1":"post","2":"type-post","3":"status-publish","4":"format-standard","5":"has-post-thumbnail","7":"category-fnp","8":"tag-storia-della-cisl"},"_links":{"self":[{"href":"https:\/\/www.cislferrara.it\/fr\/wp-json\/wp\/v2\/posts\/3414","targetHints":{"allow":["GET"]}}],"collection":[{"href":"https:\/\/www.cislferrara.it\/fr\/wp-json\/wp\/v2\/posts"}],"about":[{"href":"https:\/\/www.cislferrara.it\/fr\/wp-json\/wp\/v2\/types\/post"}],"author":[{"embeddable":true,"href":"https:\/\/www.cislferrara.it\/fr\/wp-json\/wp\/v2\/users\/3"}],"replies":[{"embeddable":true,"href":"https:\/\/www.cislferrara.it\/fr\/wp-json\/wp\/v2\/comments?post=3414"}],"version-history":[{"count":0,"href":"https:\/\/www.cislferrara.it\/fr\/wp-json\/wp\/v2\/posts\/3414\/revisions"}],"wp:featuredmedia":[{"embeddable":true,"href":"https:\/\/www.cislferrara.it\/fr\/wp-json\/wp\/v2\/media\/3415"}],"wp:attachment":[{"href":"https:\/\/www.cislferrara.it\/fr\/wp-json\/wp\/v2\/media?parent=3414"}],"wp:term":[{"taxonomy":"category","embeddable":true,"href":"https:\/\/www.cislferrara.it\/fr\/wp-json\/wp\/v2\/categories?post=3414"},{"taxonomy":"post_tag","embeddable":true,"href":"https:\/\/www.cislferrara.it\/fr\/wp-json\/wp\/v2\/tags?post=3414"}],"curies":[{"name":"wp","href":"https:\/\/api.w.org\/{rel}","templated":true}]}}