{"id":3346,"date":"2020-02-07T13:20:50","date_gmt":"2020-02-07T12:20:50","guid":{"rendered":"https:\/\/www.cislferrara.it\/?p=3346"},"modified":"2020-02-07T13:20:50","modified_gmt":"2020-02-07T12:20:50","slug":"aggiornamento-sul-rapporto-di-lavoro-domestico","status":"publish","type":"post","link":"https:\/\/www.cislferrara.it\/fr\/aggiornamento-sul-rapporto-di-lavoro-domestico\/","title":{"rendered":"Mise \u00e0 jour sur la relation de travail domestique"},"content":{"rendered":"<p>Nous vous informons par la pr\u00e9sente que les bar\u00e8mes de paie 2020 incluront une augmentation du SALAIRE MINIMUM pour chaque niveau contractuel de travailleur, \u00e0 compter de janvier, suite \u00e0 la mise \u00e0 jour nationale du minist\u00e8re du Travail.<\/p>\n<p>Nous vous informons \u00e9galement qu&#039;\u00e0 compter du 1er janvier 2020, pour b\u00e9n\u00e9ficier de la d\u00e9duction fiscale applicable aux aidants de personnes non autonomes lors de la d\u00e9claration de revenus 2021, la r\u00e9mun\u00e9ration de l&#039;aidant devra \u00eatre vers\u00e9e exclusivement par des moyens de paiement tra\u00e7ables (virement bancaire ou ch\u00e8que) \u00e0 partir d&#039;un compte au nom de l&#039;employeur. Les bureaux des imp\u00f4ts de la CAF-CISL sont \u00e0 votre disposition pour toute question. <\/p>","protected":false},"excerpt":{"rendered":"<p>Con la presente siamo a comunicare che nei prospetti di retribuzione relativi all\u2019anno 2020 a partire dal mese di gennaio \u00e8 previsto l\u2019aumento dei MINIMI RETRIBUTIVI per il livello contrattuale&#8230;<\/p>","protected":false},"author":3,"featured_media":3347,"comment_status":"closed","ping_status":"closed","sticky":false,"template":"","format":"standard","meta":{"footnotes":""},"categories":[24,129],"tags":[],"class_list":{"0":"post-3346","1":"post","2":"type-post","3":"status-publish","4":"format-standard","5":"has-post-thumbnail","7":"category-avvisi","8":"category-colf-e-badanti"},"_links":{"self":[{"href":"https:\/\/www.cislferrara.it\/fr\/wp-json\/wp\/v2\/posts\/3346","targetHints":{"allow":["GET"]}}],"collection":[{"href":"https:\/\/www.cislferrara.it\/fr\/wp-json\/wp\/v2\/posts"}],"about":[{"href":"https:\/\/www.cislferrara.it\/fr\/wp-json\/wp\/v2\/types\/post"}],"author":[{"embeddable":true,"href":"https:\/\/www.cislferrara.it\/fr\/wp-json\/wp\/v2\/users\/3"}],"replies":[{"embeddable":true,"href":"https:\/\/www.cislferrara.it\/fr\/wp-json\/wp\/v2\/comments?post=3346"}],"version-history":[{"count":0,"href":"https:\/\/www.cislferrara.it\/fr\/wp-json\/wp\/v2\/posts\/3346\/revisions"}],"wp:featuredmedia":[{"embeddable":true,"href":"https:\/\/www.cislferrara.it\/fr\/wp-json\/wp\/v2\/media\/3347"}],"wp:attachment":[{"href":"https:\/\/www.cislferrara.it\/fr\/wp-json\/wp\/v2\/media?parent=3346"}],"wp:term":[{"taxonomy":"category","embeddable":true,"href":"https:\/\/www.cislferrara.it\/fr\/wp-json\/wp\/v2\/categories?post=3346"},{"taxonomy":"post_tag","embeddable":true,"href":"https:\/\/www.cislferrara.it\/fr\/wp-json\/wp\/v2\/tags?post=3346"}],"curies":[{"name":"wp","href":"https:\/\/api.w.org\/{rel}","templated":true}]}}