{"id":3343,"date":"2020-01-23T15:33:29","date_gmt":"2020-01-23T14:33:29","guid":{"rendered":"https:\/\/www.cislferrara.it\/?p=3343"},"modified":"2020-01-23T15:33:29","modified_gmt":"2020-01-23T14:33:29","slug":"corso-di-preparazione-al-concorso-ordinario-e-straordinario-comparto-scuola","status":"publish","type":"post","link":"https:\/\/www.cislferrara.it\/fr\/corso-di-preparazione-al-concorso-ordinario-e-straordinario-comparto-scuola\/","title":{"rendered":"Cours de pr\u00e9paration aux concours ordinaires et extraordinaires du secteur scolaire"},"content":{"rendered":"<p>En vue de la publication prochaine des avis de concours, la r\u00e9union d&#039;introduction au stage de pr\u00e9paration au concours se tiendra le lundi 27 janvier \u00e0 17h30 :<\/p>\n<p>\u2013 ordinaire pour l\u2019embauche des enseignants du primaire<\/p>\n<p>- ordinaire et extraordinaire pour les enseignants des coll\u00e8ges et lyc\u00e9es<\/p>\n<p>LE COURS SERA DIVIS\u00c9 EN R\u00c9UNIONS EN PERSONNE <span style=\"text-transform: initial;\">AU MOINS 5 COMMUNS AUX 3 DIVERSIFI\u00c9S POUR LE PREMIER ET\u00a0\u00a0<\/span><span style=\"text-transform: initial;\">DEUXI\u00c8ME CYCLE.\u00a0\u00a0<\/span><\/p>\n<p>TOUS LES \u00c9TUDIANTS RECEVRONT DES ACCR\u00c9DITATIONS <span style=\"text-transform: initial;\">ACC\u00c8S \u00c0 LA PLATEFORME IRSEF IRFED<\/span><\/p>\n<p><!--more--> <\/p>","protected":false},"excerpt":{"rendered":"<p>In vista della prossima uscita dei bandi di concorso si terr\u00e0 luned\u00ec 27 gennaio ore 17.30 si terr\u00e0 l&#8217;incontro di presentazione al corso di preparazione ai concorsi: &#8211; ordinario per&#8230;<\/p>","protected":false},"author":3,"featured_media":2719,"comment_status":"closed","ping_status":"closed","sticky":false,"template":"","format":"standard","meta":{"footnotes":""},"categories":[1,19,11],"tags":[],"class_list":{"0":"post-3343","1":"post","2":"type-post","3":"status-publish","4":"format-standard","5":"has-post-thumbnail","7":"category-area-stampa","8":"category-cisl-ferrara","9":"category-scuola"},"_links":{"self":[{"href":"https:\/\/www.cislferrara.it\/fr\/wp-json\/wp\/v2\/posts\/3343","targetHints":{"allow":["GET"]}}],"collection":[{"href":"https:\/\/www.cislferrara.it\/fr\/wp-json\/wp\/v2\/posts"}],"about":[{"href":"https:\/\/www.cislferrara.it\/fr\/wp-json\/wp\/v2\/types\/post"}],"author":[{"embeddable":true,"href":"https:\/\/www.cislferrara.it\/fr\/wp-json\/wp\/v2\/users\/3"}],"replies":[{"embeddable":true,"href":"https:\/\/www.cislferrara.it\/fr\/wp-json\/wp\/v2\/comments?post=3343"}],"version-history":[{"count":0,"href":"https:\/\/www.cislferrara.it\/fr\/wp-json\/wp\/v2\/posts\/3343\/revisions"}],"wp:featuredmedia":[{"embeddable":true,"href":"https:\/\/www.cislferrara.it\/fr\/wp-json\/wp\/v2\/media\/2719"}],"wp:attachment":[{"href":"https:\/\/www.cislferrara.it\/fr\/wp-json\/wp\/v2\/media?parent=3343"}],"wp:term":[{"taxonomy":"category","embeddable":true,"href":"https:\/\/www.cislferrara.it\/fr\/wp-json\/wp\/v2\/categories?post=3343"},{"taxonomy":"post_tag","embeddable":true,"href":"https:\/\/www.cislferrara.it\/fr\/wp-json\/wp\/v2\/tags?post=3343"}],"curies":[{"name":"wp","href":"https:\/\/api.w.org\/{rel}","templated":true}]}}