{"id":3044,"date":"2018-12-21T09:19:10","date_gmt":"2018-12-21T08:19:10","guid":{"rendered":"https:\/\/www.cislferrara.it\/?p=3044"},"modified":"2018-12-21T16:14:39","modified_gmt":"2018-12-21T15:14:39","slug":"incontro-concorso-dsga","status":"publish","type":"post","link":"https:\/\/www.cislferrara.it\/fr\/incontro-concorso-dsga\/","title":{"rendered":"R\u00e9union de comp\u00e9tition DSGA"},"content":{"rendered":"<p class=\"western\" align=\"center\"><span style=\"font-family: Calibri, sans-serif;\"><span style=\"font-size: small;\"><span style=\"font-family: Arial, sans-serif;\"><span style=\"font-size: large;\"><b>La CISL SCUOLA de Ferrare a organis\u00e9 une r\u00e9union pour pr\u00e9senter l&#039;avis de concours pour la DSGA et le COURS DE FORMATION QUI SE TIENDRA AU SI\u00c8GE DE LA CISL DE FERRARE <\/b><\/span><\/span><\/span><\/span><\/p>\n<p class=\"western\" align=\"center\"><span style=\"color: #0070c0;\"><span style=\"font-family: Arial, sans-serif;\"><span style=\"font-size: large;\"><u><b>Acc\u00e9der aux titres :<\/b><\/u><\/span><\/span><\/span><\/p>\n<ul>\n<li>\n<p class=\"western\"><span style=\"color: #373737;\"><span style=\"font-family: Arial, sans-serif;\"><span style=\"font-size: medium;\"><b>dipl\u00f4me en droit, en sciences politiques, sociales ou administratives, en \u00e9conomie et en commerce ;<\/b><\/span><\/span><\/span><\/p>\n<\/li>\n<li>\n<p class=\"western\"><span style=\"color: #373737;\"><span style=\"font-family: Arial, sans-serif;\"><span style=\"font-size: medium;\"><b>dipl\u00f4mes de sp\u00e9cialisation (LS) 22, 64, 71, 84, 90 et 91 ;<\/b><\/span><\/span><\/span><\/p>\n<\/li>\n<li>\n<p class=\"western\"><span style=\"color: #373737;\"><span style=\"font-family: Arial, sans-serif;\"><span style=\"font-size: medium;\"><b>les dipl\u00f4mes de master (LM) correspondant aux dipl\u00f4mes de sp\u00e9cialisation conform\u00e9ment au tableau annex\u00e9 \u00e0 l&#039;arr\u00eat\u00e9 minist\u00e9riel du 9 juillet 2009.<\/b><\/span><\/span><\/span><\/p>\n<\/li>\n<\/ul>\n<p class=\"western\"><span style=\"color: #373737;\"><span style=\"font-family: Arial, sans-serif;\"><span style=\"font-size: medium;\"><b>La d\u00e9rogation aux qualifications susmentionn\u00e9es permettra la participation au concours, \u00e0 d\u00e9faut de celles-ci,<\/b><\/span><\/span><\/span><strong><span style=\"color: #373737;\"><span style=\"font-family: Arial, sans-serif;\"><span style=\"font-size: medium;\">aux assistants administratifs<\/span><\/span><\/span><\/strong><span style=\"color: #373737;\"><span style=\"font-family: Arial, sans-serif;\"><span style=\"font-size: medium;\"><b>\u00a0qu&#039;\u00e0 la date d&#039;entr\u00e9e en vigueur de la loi (Budget 2918),\u00a0<\/b><\/span><\/span><\/span><strong><span style=\"color: #373737;\"><span style=\"font-family: Arial, sans-serif;\"><span style=\"font-size: medium;\">avoir effectu\u00e9 au moins trois ann\u00e9es de service \u00e0 temps plein<\/span><\/span><\/span><\/strong><span style=\"color: #373737;\"><span style=\"font-family: Arial, sans-serif;\"><span style=\"font-size: medium;\"><b>\u00a0au cours des huit derni\u00e8res ann\u00e9es dans les r\u00f4les de directeur des services g\u00e9n\u00e9raux et administratifs.<\/b><\/span><\/span><\/span><\/p>\n<p class=\"western\"><span style=\"font-family: Arial, sans-serif;\"><span style=\"font-size: medium;\"><b>L&#039;annonce du concours sera vraisemblablement publi\u00e9e au Journal officiel le 28 d\u00e9cembre.<\/b><\/span><\/span><\/p>\n<p class=\"western\" align=\"center\"><span style=\"color: #0070c0;\"><span style=\"font-family: Arial, sans-serif;\"><span style=\"font-size: large;\"><u><b>Les candidatures pour participer au concours peuvent donc \u00eatre d\u00e9pos\u00e9es, via la proc\u00e9dure POLIS, du 28 d\u00e9cembre au 27 janvier 2019.<\/b><\/u><\/span><\/span><\/span><\/p>\n<p class=\"western\" align=\"center\"><span style=\"font-family: Calibri, sans-serif;\"><span style=\"font-size: small;\"><span style=\"font-family: Arial Black, sans-serif;\"><span style=\"font-size: x-large;\"><b>Jeudi 10 janvier 2019 <\/b><\/span><\/span><\/span><\/span><\/p>\n<p class=\"western\" align=\"center\"><span style=\"font-family: Calibri, sans-serif;\"><span style=\"font-size: small;\"><span style=\"font-family: Arial Black, sans-serif;\"><span style=\"font-size: x-large;\"><b>\u00e0 16h00 <\/b><\/span><\/span><\/span><\/span><\/p>\n<p class=\"western\" align=\"center\"><span style=\"font-family: Arial Black, sans-serif;\"><span style=\"font-size: x-large;\"><b>au si\u00e8ge du CISL \u00e0 Ferrare<\/b><\/span><\/span><\/p>\n<p class=\"western\" align=\"center\"><span style=\"font-family: Arial Black, sans-serif;\"><span style=\"font-size: x-large;\"><b>Corso Piave, 60<\/b><\/span><\/span><\/p>\n<p class=\"western\" align=\"center\"><span style=\"color: #c00000;\"><span style=\"font-family: Arial, sans-serif;\"><span style=\"font-size: large;\"><u><b>LA R\u00c9UNION EST POUR TOUS, M\u00caME LES NON-MEMBRES<\/b><\/u><\/span><\/span><\/span><\/p>","protected":false},"excerpt":{"rendered":"<p>La CISL SCUOLA Ferrara a programm\u00e9 une r\u00e9union pour pr\u00e9senter l&#039;annonce du concours pour le DSGA (Directeur de la gestion scolaire) et le cours de formation qui se tiendra au si\u00e8ge de la CISL\u2026<\/p>","protected":false},"author":3,"featured_media":3049,"comment_status":"closed","ping_status":"closed","sticky":false,"template":"","format":"standard","meta":{"footnotes":""},"categories":[1,19,11],"tags":[],"class_list":{"0":"post-3044","1":"post","2":"type-post","3":"status-publish","4":"format-standard","5":"has-post-thumbnail","7":"category-area-stampa","8":"category-cisl-ferrara","9":"category-scuola"},"_links":{"self":[{"href":"https:\/\/www.cislferrara.it\/fr\/wp-json\/wp\/v2\/posts\/3044","targetHints":{"allow":["GET"]}}],"collection":[{"href":"https:\/\/www.cislferrara.it\/fr\/wp-json\/wp\/v2\/posts"}],"about":[{"href":"https:\/\/www.cislferrara.it\/fr\/wp-json\/wp\/v2\/types\/post"}],"author":[{"embeddable":true,"href":"https:\/\/www.cislferrara.it\/fr\/wp-json\/wp\/v2\/users\/3"}],"replies":[{"embeddable":true,"href":"https:\/\/www.cislferrara.it\/fr\/wp-json\/wp\/v2\/comments?post=3044"}],"version-history":[{"count":0,"href":"https:\/\/www.cislferrara.it\/fr\/wp-json\/wp\/v2\/posts\/3044\/revisions"}],"wp:featuredmedia":[{"embeddable":true,"href":"https:\/\/www.cislferrara.it\/fr\/wp-json\/wp\/v2\/media\/3049"}],"wp:attachment":[{"href":"https:\/\/www.cislferrara.it\/fr\/wp-json\/wp\/v2\/media?parent=3044"}],"wp:term":[{"taxonomy":"category","embeddable":true,"href":"https:\/\/www.cislferrara.it\/fr\/wp-json\/wp\/v2\/categories?post=3044"},{"taxonomy":"post_tag","embeddable":true,"href":"https:\/\/www.cislferrara.it\/fr\/wp-json\/wp\/v2\/tags?post=3044"}],"curies":[{"name":"wp","href":"https:\/\/api.w.org\/{rel}","templated":true}]}}