{"id":2816,"date":"2018-03-14T18:08:19","date_gmt":"2018-03-14T17:08:19","guid":{"rendered":"https:\/\/www.cislferrara.it\/?p=2816"},"modified":"2018-03-14T18:08:19","modified_gmt":"2018-03-14T17:08:19","slug":"bonus-asilo-nido","status":"publish","type":"post","link":"https:\/\/www.cislferrara.it\/fr\/bonus-asilo-nido\/","title":{"rendered":"BONUS POUR LA P\u00c9PINI\u00c8RE"},"content":{"rendered":"<div style=\"font-size: 10pt; font-family: Tahoma; color: #000000; direction: ltr;\">\n<div>\n<p>Le 1er mars 2018, suite \u00e0 de nombreux signalements de m\u00e9c\u00e9nats et de citoyens concernant la proc\u00e9dure de candidature au <strong>BONUS POUR LA P\u00c9PINI\u00c8RE<\/strong>L&#039;INPS a \u00e9mis un message pour r\u00e9cup\u00e9rer les paiements mensuels de <strong>Septembre,<\/strong> <strong>Octobre, novembre et d\u00e9cembre 2017\u00a0 <\/strong>qu&#039;ils n&#039;ont pas r\u00e9ussi \u00e0 int\u00e9grer la demande soumise avec la documentation n\u00e9cessaire <strong>au 31\/03\/2018. <\/strong><\/p>\n<p><strong>Le Patronato de l&#039;INAS est disponible pour des \u00e9claircissements<\/strong><\/p>\n<\/div>\n<\/div>","protected":false},"excerpt":{"rendered":"<p>Le 1er mars 2018, suite \u00e0 de nombreux signalements de m\u00e9c\u00e8nes et de citoyens concernant le processus de demande de BONUS DE P\u00c9PINI\u00c8RE, l&#039;INPS a publi\u00e9 un message \u00e0\u2026<\/p>","protected":false},"author":3,"featured_media":2817,"comment_status":"closed","ping_status":"closed","sticky":false,"template":"","format":"standard","meta":{"footnotes":""},"categories":[24,127],"tags":[],"class_list":{"0":"post-2816","1":"post","2":"type-post","3":"status-publish","4":"format-standard","5":"has-post-thumbnail","7":"category-avvisi","8":"category-patronato-inas"},"_links":{"self":[{"href":"https:\/\/www.cislferrara.it\/fr\/wp-json\/wp\/v2\/posts\/2816","targetHints":{"allow":["GET"]}}],"collection":[{"href":"https:\/\/www.cislferrara.it\/fr\/wp-json\/wp\/v2\/posts"}],"about":[{"href":"https:\/\/www.cislferrara.it\/fr\/wp-json\/wp\/v2\/types\/post"}],"author":[{"embeddable":true,"href":"https:\/\/www.cislferrara.it\/fr\/wp-json\/wp\/v2\/users\/3"}],"replies":[{"embeddable":true,"href":"https:\/\/www.cislferrara.it\/fr\/wp-json\/wp\/v2\/comments?post=2816"}],"version-history":[{"count":0,"href":"https:\/\/www.cislferrara.it\/fr\/wp-json\/wp\/v2\/posts\/2816\/revisions"}],"wp:featuredmedia":[{"embeddable":true,"href":"https:\/\/www.cislferrara.it\/fr\/wp-json\/wp\/v2\/media\/2817"}],"wp:attachment":[{"href":"https:\/\/www.cislferrara.it\/fr\/wp-json\/wp\/v2\/media?parent=2816"}],"wp:term":[{"taxonomy":"category","embeddable":true,"href":"https:\/\/www.cislferrara.it\/fr\/wp-json\/wp\/v2\/categories?post=2816"},{"taxonomy":"post_tag","embeddable":true,"href":"https:\/\/www.cislferrara.it\/fr\/wp-json\/wp\/v2\/tags?post=2816"}],"curies":[{"name":"wp","href":"https:\/\/api.w.org\/{rel}","templated":true}]}}