{"id":2789,"date":"2018-02-28T11:21:46","date_gmt":"2018-02-28T10:21:46","guid":{"rendered":"https:\/\/www.cislferrara.it\/?p=2789"},"modified":"2018-02-28T12:09:11","modified_gmt":"2018-02-28T11:09:11","slug":"novita-tutti-risparmiatori-carife","status":"publish","type":"post","link":"https:\/\/www.cislferrara.it\/fr\/novita-tutti-risparmiatori-carife\/","title":{"rendered":"NOUVELLES POUR TOUS LES \u00c9CONOMISEURS DE CARIFE"},"content":{"rendered":"<p style=\"text-align: left;\" align=\"justify\"><a href=\"\/\/www.cislferrara.it\/wp-content\/uploads\/2015\/05\/logo-adiconsum.jpg\"><img loading=\"lazy\" decoding=\"async\" class=\"alignnone wp-image-1735\" src=\"\/\/www.cislferrara.it\/wp-content\/uploads\/2015\/05\/logo-adiconsum-300x147.jpg\" alt=\"\" width=\"208\" height=\"102\" srcset=\"https:\/\/www.cislferrara.it\/wp-content\/uploads\/2015\/05\/logo-adiconsum-300x147.jpg 300w, https:\/\/www.cislferrara.it\/wp-content\/uploads\/2015\/05\/logo-adiconsum.jpg 906w\" sizes=\"auto, (max-width: 208px) 100vw, 208px\" \/><\/a><\/p>\n<h3 style=\"text-align: right;\" align=\"justify\"><\/h3>\n<p class=\"western\" align=\"justify\"><span style=\"font-size: medium;\">Nous informons les \u00e9pargnants de CariFe impliqu\u00e9s \u00e0 divers titres dans l&#039;annulation d&#039;actions et d&#039;obligations subordonn\u00e9es, qu&#039;il existe des nouvelles importantes concernant l&#039;\u00e9ventuelle indemnisation des dommages subis par chaque \u00e9pargnant individuel.<\/span><\/p>\n<p class=\"western\" align=\"justify\"><span style=\"font-size: small;\"><span style=\"font-size: medium;\">Concernant les poursuites p\u00e9nales impliquant plusieurs anciens dirigeants de CariFe, suite \u00e0 l&#039;audience pr\u00e9liminaire du 19 d\u00e9cembre <\/span><span style=\"font-size: medium;\">2017<\/span><span style=\"font-size: medium;\">, tous les accus\u00e9s ont \u00e9t\u00e9 renvoy\u00e9s en jugement, et la premi\u00e8re audience a \u00e9t\u00e9 fix\u00e9e au 18 juin 2018. Il sera donc possible pour tous ceux qui ne l&#039;ont pas encore fait via ADIC<\/span><span style=\"font-size: medium;\">SUR<\/span><span style=\"font-size: medium;\">SUM, de se constituer partie civile dans la proc\u00e9dure p\u00e9nale susmentionn\u00e9e, afin de demander r\u00e9paration du pr\u00e9judice subi du fait du comportement des pr\u00e9venus ayant entra\u00een\u00e9 la faillite de CariFe et la perte de leurs \u00e9conomies investies en actions et obligations subordonn\u00e9es. Toute personne souhaitant se constituer partie civile peut donc le faire en s&#039;inscrivant aupr\u00e8s d&#039;ADICONSUM au plus tard le<\/span><span style=\"font-size: medium;\"><b> 30 avril<\/b><\/span><span style=\"font-size: medium;\">, en apportant avec lui tous les documents bancaires en sa possession relatifs \u00e0 l&#039;achat des actions et obligations subordonn\u00e9es, ainsi qu&#039;un document valide.<\/span><\/span><\/p>\n<p class=\"western\" align=\"justify\"><span style=\"font-size: small;\"><span style=\"font-size: medium;\">Nous informons \u00e9galement tous les \u00e9pargnants qu&#039;un guichet sp\u00e9cial a \u00e9t\u00e9 mis en place chez ADICONSUM pour tous les \u00e9pargnants CariFe, qui vous recevront en prenant rendez-vous en appelant le n\u00b0 1. <\/span><span style=\"font-size: medium;\"><b>349\/7963706<\/b><\/span><span style=\"font-size: medium;\"> et o\u00f9 il y aura un op\u00e9rateur qualifi\u00e9 et un avocat du cabinet d&#039;avocats Avv. Paolo Picci, qui vous fourniront toutes les informations et indications les plus utiles sur la mani\u00e8re de proc\u00e9der pour prot\u00e9ger votre droit \u00e0 l&#039;\u00e9pargne.<\/span><\/span><\/p>\n<p class=\"western\" align=\"justify\"><span style=\"font-size: medium;\">Nous tenons \u00e0 souligner d\u00e8s maintenant, en effet, que la constitution de partie civile n&#039;est pas en r\u00e9alit\u00e9 la seule voie viable, mais, en fonction des diff\u00e9rentes positions et besoins de l&#039;\u00e9pargnant individuel, qui seront pleinement analys\u00e9s par ADICONSUM et le Cabinet d&#039;Avocats Picci, l&#039;\u00e9pargnant individuel peut \u00eatre dirig\u00e9 vers la promotion de l&#039;arbitrage \u00e0 la Consob (par l&#039;interm\u00e9diaire de l&#039;ACF) ou vers l&#039;introduction d&#039;une proc\u00e9dure civile ind\u00e9pendante aupr\u00e8s du Tribunal. <\/span><\/p>\n<p class=\"western\" align=\"justify\"><span style=\"font-size: small;\"><span style=\"font-size: medium;\">Enfin, nous vous informons que le Gouvernement devrait bient\u00f4t publier les d\u00e9crets d&#039;application d\u00e9finissant la proc\u00e9dure et les d\u00e9lais d&#039;acc\u00e8s au Fonds d&#039;indemnisation des victimes de d\u00e9lits bancaires de 100 millions d&#039;euros (sur quatre ans) allou\u00e9 par la loi de finances 2018. Chez ADICONSUM, donc, d\u00e8s la publication de ces d\u00e9crets, vous pourrez \u00eatre pleinement inform\u00e9s des modalit\u00e9s d&#039;acc\u00e8s, et vous serez suivi individuellement \u00e0 chaque \u00e9tape par le personnel qualifi\u00e9 d&#039;ADICONSUM et du Cabinet Picci, afin de permettre \u00e0 l&#039;\u00e9pargnant d&#039;obtenir l&#039;indemnisation financi\u00e8re qui lui sera due dans les limites et selon les conditions \u00e9tablies dans le d\u00e9cret susmentionn\u00e9.<\/span><\/span><\/p>\n<p class=\"western\" align=\"justify\"><span style=\"font-size: medium;\">Enfin, nous rappelons qu&#039;ADICONSUM a toujours \u00e9t\u00e9 aux c\u00f4t\u00e9s des \u00e9pargnants et, \u00e0 cet \u00e9gard, nous soulignons les initiatives extrajudiciaires et judiciaires mises en \u0153uvre jusqu&#039;\u00e0 pr\u00e9sent pour prot\u00e9ger l&#039;\u00e9pargne \u00ab trahie \u00bb, en collaboration avec le cabinet d&#039;avocats Avv. Paolo Picci\u00a0:<\/span><\/p>\n<p class=\"western\" align=\"justify\"><span style=\"font-size: small;\"><span style=\"font-size: medium;\">\u2013 en ce qui concerne la proc\u00e9dure p\u00e9nale, ADICONSUM et le cabinet d&#039;avocats Avv. Paolo Picci ont d\u00e9pos\u00e9 une centaine de plaintes et de plaintes<\/span><span style=\"font-size: medium;\">p\u00e9diatrie<\/span><span style=\"font-size: medium;\"> \u00e0 la constitution ult\u00e9rieure d&#039;une partie civile qui a eu lieu \u00e0 l&#039;occasion de l&#039;audience pr\u00e9liminaire qui s&#039;est termin\u00e9e le 19 d\u00e9cembre ; nous avons donc d\u00e9j\u00e0 proc\u00e9d\u00e9 \u00e0 la constitution de parties civiles d&#039;environ 85 parties l\u00e9s\u00e9es, \u00e0 l&#039;occasion de l&#039;ouverture du proc\u00e8s p\u00e9nal, l\u00e9s\u00e9es de diverses mani\u00e8res par les d\u00e9lits reproch\u00e9s par le parquet de Ferrare \u00e0 plusieurs anciens dirigeants de CariFE ;<\/span><\/span><\/p>\n<p class=\"western\" align=\"justify\"><span style=\"font-size: small;\"><span style=\"font-size: medium;\">\u2013 en ce qui concerne les initiatives civiles entreprises pour prot\u00e9ger l\u2019\u00e9pargne, il convient de souligner les activit\u00e9s suivantes :<\/span><\/span><\/p>\n<p class=\"western\" align=\"justify\"><span style=\"font-size: small;\"><span style=\"font-size: medium;\">\u2013 \u00c0 l\u2019automne 2016, Adiconsum Ferrara a pris des mesures, avec un r\u00e9sultat favorable pour tous les membres, pour prot\u00e9ger environ 400 positions de d\u00e9tenteurs d\u2019obligations subordonn\u00e9es avec les exigences \u00e9nonc\u00e9es dans le d\u00e9cret minist\u00e9riel 83\/2017, en formulant des demandes d\u2019indemnisation forfaitaire, <\/span><span style=\"font-size: medium;\">\u00e9gal \u00e0 80% de la contrepartie vers\u00e9e pour l&#039;achat des instruments financiers, au FITD ;<\/span><\/span><\/p>\n<p class=\"western\" align=\"justify\"><span style=\"font-size: small;\"><span style=\"font-size: medium;\">\u2013 ADICONSUM et le cabinet d&#039;avocats Avv. Paolo Picci se sont ensuite charg\u00e9s, \u00e0 l&#039;automne 2017, de pr\u00e9parer les recours pour l&#039;acc\u00e8s au Fonds de solidarit\u00e9 par le biais de proc\u00e9dures d&#039;arbitrage - actuellement toujours en cours d&#039;examen par le conseil d&#039;administration de l&#039;Anac - au nom des d\u00e9tenteurs d&#039;obligations subordonn\u00e9es qui ne remplissent pas les conditions pour acc\u00e9der au<\/span><span style=\"font-size: medium;\">indemnit\u00e9 forfaitaire <\/span><span style=\"font-size: medium;\">\u00e9gal \u00e0 80%.<\/span><\/span><\/p>\n<p class=\"western\" align=\"justify\"><span style=\"font-size: small;\"><u><b><span style=\"font-size: medium;\">Nous vous invitons donc \u00e0 contacter l&#039;association par t\u00e9l\u00e9phone au 349\/7963706 les mardis matin de 9h00 \u00e0 12h00 et les lundis et jeudis apr\u00e8s-midi de 15h00 \u00e0 17h30 afin de prendre rendez-vous, dans tous les bureaux de l&#039;ADICON.<\/span><span style=\"font-size: medium;\">S<\/span><span style=\"font-size: medium;\">UM de la province de Ferrare, de proc\u00e9der \u00e0 l&#039;inscription \u00e0 l&#039;association et d&#039;\u00eatre <\/span><span style=\"font-size: medium;\">s&#039;informer<\/span><span style=\"font-size: medium;\"> concernant les initiatives entreprises et \u00e0 entreprendre pour prot\u00e9ger votre droit \u00e0 l&#039;\u00e9pargne.<br \/>\n<\/span><\/b><\/u><\/span><\/p>","protected":false},"excerpt":{"rendered":"<p>Nous informons les \u00e9pargnants de CariFe impliqu\u00e9s \u00e0 divers titres dans l&#039;annulation d&#039;actions et d&#039;obligations subordonn\u00e9es, qu&#039;il y a des nouvelles importantes concernant l&#039;\u00e9ventuelle indemnisation des dommages subis par\u2026<\/p>","protected":false},"author":3,"featured_media":2269,"comment_status":"closed","ping_status":"closed","sticky":false,"template":"","format":"standard","meta":{"footnotes":""},"categories":[135],"tags":[195,192,144,194,193],"class_list":{"0":"post-2789","1":"post","2":"type-post","3":"status-publish","4":"format-standard","5":"has-post-thumbnail","7":"category-adiconsum","8":"tag-acf","9":"tag-adiconsum","10":"tag-carife","11":"tag-fondo-di-ristoro","12":"tag-reati-bancari"},"_links":{"self":[{"href":"https:\/\/www.cislferrara.it\/fr\/wp-json\/wp\/v2\/posts\/2789","targetHints":{"allow":["GET"]}}],"collection":[{"href":"https:\/\/www.cislferrara.it\/fr\/wp-json\/wp\/v2\/posts"}],"about":[{"href":"https:\/\/www.cislferrara.it\/fr\/wp-json\/wp\/v2\/types\/post"}],"author":[{"embeddable":true,"href":"https:\/\/www.cislferrara.it\/fr\/wp-json\/wp\/v2\/users\/3"}],"replies":[{"embeddable":true,"href":"https:\/\/www.cislferrara.it\/fr\/wp-json\/wp\/v2\/comments?post=2789"}],"version-history":[{"count":0,"href":"https:\/\/www.cislferrara.it\/fr\/wp-json\/wp\/v2\/posts\/2789\/revisions"}],"wp:featuredmedia":[{"embeddable":true,"href":"https:\/\/www.cislferrara.it\/fr\/wp-json\/wp\/v2\/media\/2269"}],"wp:attachment":[{"href":"https:\/\/www.cislferrara.it\/fr\/wp-json\/wp\/v2\/media?parent=2789"}],"wp:term":[{"taxonomy":"category","embeddable":true,"href":"https:\/\/www.cislferrara.it\/fr\/wp-json\/wp\/v2\/categories?post=2789"},{"taxonomy":"post_tag","embeddable":true,"href":"https:\/\/www.cislferrara.it\/fr\/wp-json\/wp\/v2\/tags?post=2789"}],"curies":[{"name":"wp","href":"https:\/\/api.w.org\/{rel}","templated":true}]}}