{"id":2770,"date":"2018-02-14T15:46:50","date_gmt":"2018-02-14T14:46:50","guid":{"rendered":"https:\/\/www.cislferrara.it\/?p=2770"},"modified":"2018-02-14T15:51:12","modified_gmt":"2018-02-14T14:51:12","slug":"proposte-pensionati-cisl-emilia-romagna-ai-candidati-alle-elezioni-politiche","status":"publish","type":"post","link":"https:\/\/www.cislferrara.it\/fr\/proposte-pensionati-cisl-emilia-romagna-ai-candidati-alle-elezioni-politiche\/","title":{"rendered":"Propositions des retrait\u00e9s de la Cisl \u00c9milie-Romagne aux candidats aux \u00e9lections politiques"},"content":{"rendered":"<p style=\"text-align: right;\">Aux partis politiques<\/p>\n<p style=\"text-align: right;\">Pr\u00e9sent \u00e0 la comp\u00e9tition \u00e9lectorale le 4 mars 2018<\/p>\n<p style=\"text-align: right;\">Leurs emplacements<\/p>\n<p><strong class=\"green\">\u00a0<\/strong><\/p>\n<p><strong class=\"green\">\u00c9lections g\u00e9n\u00e9rales de 2018<\/strong><\/p>\n<p>\u00c0 l&#039;occasion des \u00e9lections g\u00e9n\u00e9rales du 4 mars 2018, le Secr\u00e9tariat du FNP-CISL d&#039;\u00c9milie-Romagne transmet ce document, qui r\u00e9sume les objectifs de l&#039;organisation en mati\u00e8re de d\u00e9bat politique et sollicite une r\u00e9ponse, afin d&#039;orienter les \u00e9lecteurs en vue de cette importante \u00e9lection. Le Secr\u00e9tariat du FNP-CISL se tient \u00e0 disposition, sur demande et apr\u00e8s accord, pour des \u00e9changes avec les partis politiques et les candidats.<\/p>\n<p>&nbsp;<\/p>\n<p><strong class=\"green\">Droit et devoir de participer au vote.<\/strong><\/p>\n<p>Pour obtenir le droit de vote, nos p\u00e8res, nos m\u00e8res, nos fr\u00e8res et nos s\u0153urs se sont battus au prix de grands sacrifices, parfois m\u00eame de leur vie. Par cons\u00e9quent, ne pas voter est une d\u00e9faite pour tous. Les limites et les contradictions de la vie politique ne constituent pas une raison pour renoncer \u00e0 ce droit et \u00e0 ce devoir civique. Les citoyens, retrait\u00e9s ou non, ont besoin de politique, de bonne politique, au service du bien commun. Ils doivent vaincre le plus grand mal d&#039;aujourd&#039;hui\u00a0: \u00ab\u00a0l&#039;indiff\u00e9rence\u00a0\u00bb, comme le sugg\u00e8re la devise de Don Milani, \u00ab\u00a0I~Care\u00a0\u00bb.<\/p>\n<p>&nbsp;<\/p>\n<p><strong class=\"green\">D\u00e9fense de la Constitution : rejet du fascisme et du racisme<\/strong><\/p>\n<p>Les retrait\u00e9s italiens ont contribu\u00e9 \u00e0 l&#039;\u00e9laboration de la Constitution et, au fil des ans, se sont battus pour construire un pays d\u00e9mocratique, fond\u00e9 sur les valeurs de la Charte constitutionnelle. Celle-ci consacre clairement\u00a0: les valeurs de l&#039;antifascisme et l&#039;interdiction de la reconstitution du parti fasciste\u00a0; la condamnation de toute forme de discrimination civile, sociale et politique fond\u00e9e sur la race\u00a0; la valeur de la paix, avec le rejet du recours aux armes comme solution aux conflits\u00a0; l&#039;accueil des personnes fuyant la guerre (voir article\u00a011 de la Constitution)\u00a0; le travail pour tous comme moyen de subsistance pour soi-m\u00eame et sa famille\u00a0; et l&#039;\u00e9galit\u00e9 des sexes.<\/p>\n<p>Cette pr\u00e9misse a pour but de rappeler certaines de ces valeurs.<\/p>\n<p>&nbsp;<\/p>\n<p><strong class=\"green\">Europe<\/strong><\/p>\n<p>Depuis sa cr\u00e9ation, la CISL a pleinement reconnu la valeur inestimable du choix fait par l&#039;ensemble du mouvement d\u00e9mocratique d&#039;apr\u00e8s-guerre\u00a0: placer l&#039;Europe au centre de son action\u00a0! Ce choix a garanti aux pays membres plus de 70\u00a0ans de paix, un privil\u00e8ge jamais accord\u00e9 auparavant aux pays europ\u00e9ens. Pour beaucoup, les plus anciens ayant v\u00e9cu la guerre, comme pour tous ceux qui ont connu l&#039;esprit, la libert\u00e9 et les bienfaits de la vie en communaut\u00e9, cette valeur ne peut \u00eatre ni\u00e9e par les limites actuelles de la construction europ\u00e9enne. Les contradictions, telles que l&#039;existence d&#039;une monnaie unique sans autorit\u00e9 mon\u00e9taire et fiscale commune, ou les divergences de vues sur l&#039;immigration, ne doivent pas conduire \u00e0 repenser le choix europ\u00e9en, mais plut\u00f4t inciter les forces politiques pr\u00e9sentes au Parlement europ\u00e9en \u00e0 prendre les mesures n\u00e9cessaires \u00e0 la construction des \u00c9tats-Unis d&#039;Europe. Les exp\u00e9riences tragiques de la premi\u00e8re moiti\u00e9 des ann\u00e9es\u00a01990 avec les conflits en ex-Yougoslavie d\u00e9montrent que la pr\u00e9valence du nationalisme et de la pr\u00e9pond\u00e9rance ethnico-religieuse peut toujours raviver les horreurs que l&#039;Europe divis\u00e9e a d\u00e9j\u00e0 connues.<\/p>\n<p>&nbsp;<\/p>\n<p><strong class=\"green\">Ce que le Fnp Cisl ER demande aux forces politiques\u00a0<\/strong><\/p>\n<p>Premi\u00e8rement, il faut confirmer la reconnaissance du r\u00f4le social des syndicats et des organismes interm\u00e9diaires. La complexit\u00e9 de la situation du pays exige l&#039;implication de toutes les forces vives et actives du pays. L&#039;exp\u00e9rience des n\u00e9gociations sur la r\u00e9forme des retraites illustre bien ce qui vient d&#039;\u00eatre dit. La loi Fornero (dont tout le monde parle aujourd&#039;hui) a \u00e9t\u00e9 modifi\u00e9e sans perturber le budget, apportant ainsi des solutions concr\u00e8tes aux personnes en grande difficult\u00e9, \u00e0 commencer par les plus d\u00e9munies. Lors de la prochaine l\u00e9gislature, les discussions doivent se poursuivre afin de d\u00e9finir de nouvelles modifications \u00e0 la loi Fornero, en donnant la priorit\u00e9 \u00e0 la d\u00e9finition d&#039;une pension garantie pour les jeunes, indispensable au d\u00e9veloppement des \u00ab\u00a0trois piliers\u00a0\u00bb pr\u00e9vus par la r\u00e9forme Dini, notamment la pension compl\u00e9mentaire d\u00e9finie dans les accords contractuels, d\u00e9sormais \u00e9galement applicable au secteur public. Gr\u00e2ce aux deux accords susmentionn\u00e9s avec le gouvernement, les conditions ont \u00e9t\u00e9 r\u00e9unies, par l&#039;interm\u00e9diaire des deux commissions institu\u00e9es par la loi, pour aborder deux questions importantes\u00a0: a) la s\u00e9paration de la s\u00e9curit\u00e9 sociale et de l&#039;aide sociale\u00a0; et b) la revalorisation des retraites, notamment la r\u00e9forme du panier de retraite de l&#039;ISTAT. La valeur ajout\u00e9e des n\u00e9gociations a \u00e9t\u00e9 de trouver un \u00e9quilibre dans la r\u00e9forme des retraites en vue de sauvegarder le syst\u00e8me public de retraite, ce qui unirait les g\u00e9n\u00e9rations, \u00e9vitant ainsi le conflit g\u00e9n\u00e9rationnel que beaucoup essayaient de fomenter.<\/p>\n<p>Le FNP-CISL ER demande au prochain Parlement et au prochain Gouvernement d&#039;\u00e9largir la discussion sur deux autres questions fondamentales \u00e0 traiter en 2018 :<\/p>\n<ol>\n<li>R\u00e9forme fiscale ; B) Loi sur la non-autosuffisance.<\/li>\n<li><strong>Imp\u00f4t<\/strong><\/li>\n<\/ol>\n<p>La question fiscale, au c\u0153ur de tous les programmes, doit \u00eatre discut\u00e9e avec les syndicats, comme ce fut le cas pour les retraites, afin de parvenir \u00e0 une v\u00e9ritable r\u00e9forme fond\u00e9e sur l&#039;\u00e9quit\u00e9, la proportionnalit\u00e9 et la durabilit\u00e9 \u00e9conomique. La CISL (Conf\u00e9d\u00e9ration italienne des travailleurs du travail) a d\u00e9pos\u00e9 un projet de loi qui a recueilli plus de 500\u00a0000 signatures et constitue le point de d\u00e9part du d\u00e9bat. Faire payer moins ceux qui paient d\u00e9j\u00e0 beaucoup (les travailleurs et les retrait\u00e9s contribuent au Tr\u00e9sor public \u00e0 hauteur d&#039;environ 851 TP3T du total des recettes de l&#039;imp\u00f4t sur le revenu des personnes physiques) n&#039;est pas la m\u00eame chose que faire payer moins les riches. Faire payer tout le monde ne peut pas se r\u00e9sumer \u00e0 une simple baisse de la pression fiscale (il est difficile de faire payer moins les fraudeurs fiscaux). La FNP-CISL propose d&#039;\u00e9largir les outils de lutte contre les conflits d&#039;int\u00e9r\u00eats entre les diff\u00e9rentes cat\u00e9gories de contribuables, comme cela a \u00e9t\u00e9 fait pour les r\u00e9novations immobili\u00e8res, qui ont fait leurs preuves. Outre un rappel consciencieux de l&#039;obligation constitutionnelle de contribuer selon ses capacit\u00e9s, il est \u00e9galement n\u00e9cessaire de renforcer les outils de contr\u00f4le et d&#039;alourdir les sanctions pour les fraudeurs fiscaux. Dans ce cas, le syst\u00e8me am\u00e9ricain pourrait \u00eatre adopt\u00e9. Dans ce d\u00e9bat, le FNP-CISL souhaite \u00e9galement combler les diff\u00e9rences d&#039;imposition existantes entre travailleurs et retrait\u00e9s, comme cela s&#039;est produit r\u00e9cemment avec l&#039;unification de l&#039;espace non fiscal, en les augmentant.<\/p>\n<p>Les retrait\u00e9s s&#039;engagent \u00e0 soutenir les familles et la natalit\u00e9. Cette aide est destin\u00e9e \u00e0 leurs enfants et petits-enfants.<\/p>\n<p>&nbsp;<\/p>\n<p><strong class=\"green\">b) Fonds de soins de sant\u00e9 et de non-autonomie<\/strong>.<\/p>\n<p>Les ressources n\u00e9cessaires doivent \u00eatre mises \u00e0 la disposition du syst\u00e8me de sant\u00e9 pour garantir des niveaux de soins ad\u00e9quats pour tous, en surmontant les limitations actuelles qui poussent de nombreuses personnes \u00e0 renoncer \u00e0 des traitements et \u00e0 ne pas pouvoir se permettre des examens et des visites r\u00e9guliers. Il est notamment n\u00e9cessaire de r\u00e9duire les d\u00e9lais d&#039;attente, qui contraignent les personnes \u00e0 recourir \u00e0 des services payants fournis par les secteurs public et priv\u00e9. Les d\u00e9penses des m\u00e9nages (estim\u00e9es \u00e0 34 milliards d&#039;euros pour les soins de sant\u00e9 et les produits pharmaceutiques) sont en hausse. Par ailleurs, une r\u00e9vision des d\u00e9penses et des achats (pas toujours source d&#039;\u00e9conomies) est n\u00e9cessaire, et la corruption, ces pratiques scandaleuses dans le secteur de la sant\u00e9, doit \u00eatre combattue.<\/p>\n<p>La prochaine l\u00e9gislature devra approuver la loi-cadre sur les soins de longue dur\u00e9e. Cette question a \u00e9t\u00e9 trop longtemps report\u00e9e. Des mesures importantes ont \u00e9t\u00e9 prises au cours de cette l\u00e9gislature, comme la structuration du fonds national pour les soins de longue dur\u00e9e. Les fonds sociaux ont \u00e9t\u00e9 refinanc\u00e9s. Les discussions sur la loi sur les soins de longue dur\u00e9e ont d\u00e9but\u00e9.\u00a0<em>soignants<\/em>, un autre point cl\u00e9 pour r\u00e9pondre aux besoins des personnes \u00e2g\u00e9es qui choisissent les soins \u00e0 domicile plut\u00f4t que les soins en \u00e9tablissement. Cette loi nationale est \u00e9galement importante pour le Fonds r\u00e9gional pour les personnes non autonomes\u00a0: un outil essentiel, mais qui n\u00e9cessite un cadre plus solide et structur\u00e9 au niveau national. Le FNP consid\u00e8re que l&#039;int\u00e9gration sociale et sanitaire est essentielle, comme convenu avec la r\u00e9gion \u00c9milie-Romagne dans le Plan socio-sanitaire.<\/p>\n<p>Nous avons besoin d&#039;une politique qui renouvelle le syst\u00e8me de protection sociale, une politique qui place les personnes \u00e2g\u00e9es au centre, non seulement comme b\u00e9n\u00e9ficiaires d&#039;aides, mais aussi comme une valeur ajout\u00e9e pour la communaut\u00e9 et le pays. L&#039;avanc\u00e9e en \u00e2ge, gr\u00e2ce \u00e0 l&#039;am\u00e9lioration des conditions de vie, ne doit pas \u00eatre per\u00e7ue comme une augmentation des co\u00fbts de sant\u00e9 et des services sociaux, mais comme une opportunit\u00e9 de croissance de l&#039;emploi, de solidarit\u00e9 et de liens sociaux. La vieillesse ne doit pas \u00eatre supprim\u00e9e. Les retrait\u00e9s restent une ressource importante pour le pays. Ils souhaitent apporter leur contribution. Keynes, pour sortir de son impasse, disait\u00a0: \u00ab\u00a0Le moyen et le long terme importent peu\u00a0; nous serons tous morts.\u00a0\u00bb Leurs enfants et petits-enfants seront de toute fa\u00e7on en vie, et c&#039;est pourquoi le Syndicat des retrait\u00e9s de la CISL (CISL) exige que les politiques de protection sociale r\u00e9pondent de toute urgence et efficacement aux diverses vuln\u00e9rabilit\u00e9s auxquelles les jeunes sont confront\u00e9s aujourd&#039;hui.<\/p>\n<p>Ci-joint \u00e0 cette note, en tant que partie int\u00e9grante, le document national CISL : \u00ab ITALIE 2018 le CISL pour\u00a0<strong>Europe<\/strong>, Le\u00a0<strong>Travail<\/strong>, Le\u00a0<strong>imp\u00f4t<\/strong>, Le\u00a0<strong>bien-\u00eatre<\/strong>\u00a0\u00ab .<\/p>\n<p>T\u00e9l\u00e9charger:<br \/>\n\u00ab<a href=\"https:\/\/www.cislferrara.it\/wp-content\/uploads\/2018\/02\/pdf_5746_documento-proposte-cisl-29-gennaio.pdf\">ITALIE 2018 la CISL pour\u00a0<strong>Europe<\/strong>, Le\u00a0<strong>Travail<\/strong>, Le\u00a0<strong>imp\u00f4t<\/strong>, Le\u00a0<strong>bien-\u00eatre<\/strong><\/a>\u00a0\u00ab<br \/>\nSource:<br \/>\n<a href=\"https:\/\/www.pensionaticislemiliaromagna.it\/articolo-267\/lettera-fnp-cisl-er-ai-candidati-alle-elezioni-2018\/\">https:\/\/www.pensionaticislemiliaromagna.it\/articolo-267\/lettera-fnp-cisl-er-ai-candidati-alle-elezioni-2018\/<\/a><br \/>\n<a href=\"https:\/\/www.cisl.it\/focus\/8413-italia-2018-la-cisl-per-l-europa-il-lavoro-il-fisco-il-welfare.html\">https:\/\/www.cisl.it\/focus\/8413-italia-2018-la-cisl-per-l-europa-il-lavoro-il-fisco-il-welfare.html<\/a> <\/p>","protected":false},"excerpt":{"rendered":"<p>Aux partis politiques pr\u00e9sents aux \u00e9lections du 4 mars 2018 Leurs si\u00e8ges \u00c9lections politiques 2018 Le Secr\u00e9tariat FNP-CISL d&#039;\u00c9milie-Romagne \u00e0 l&#039;occasion des \u00e9lections politiques du 4 mars 2018\u2026<\/p>","protected":false},"author":3,"featured_media":2771,"comment_status":"closed","ping_status":"closed","sticky":false,"template":"","format":"standard","meta":{"footnotes":""},"categories":[19,16],"tags":[27,190,191],"class_list":{"0":"post-2770","1":"post","2":"type-post","3":"status-publish","4":"format-standard","5":"has-post-thumbnail","7":"category-cisl-ferrara","8":"category-fnp","9":"tag-sanita","10":"tag-4-marzo-2018","11":"tag-fondo-non-autosufficienza"},"_links":{"self":[{"href":"https:\/\/www.cislferrara.it\/fr\/wp-json\/wp\/v2\/posts\/2770","targetHints":{"allow":["GET"]}}],"collection":[{"href":"https:\/\/www.cislferrara.it\/fr\/wp-json\/wp\/v2\/posts"}],"about":[{"href":"https:\/\/www.cislferrara.it\/fr\/wp-json\/wp\/v2\/types\/post"}],"author":[{"embeddable":true,"href":"https:\/\/www.cislferrara.it\/fr\/wp-json\/wp\/v2\/users\/3"}],"replies":[{"embeddable":true,"href":"https:\/\/www.cislferrara.it\/fr\/wp-json\/wp\/v2\/comments?post=2770"}],"version-history":[{"count":0,"href":"https:\/\/www.cislferrara.it\/fr\/wp-json\/wp\/v2\/posts\/2770\/revisions"}],"wp:featuredmedia":[{"embeddable":true,"href":"https:\/\/www.cislferrara.it\/fr\/wp-json\/wp\/v2\/media\/2771"}],"wp:attachment":[{"href":"https:\/\/www.cislferrara.it\/fr\/wp-json\/wp\/v2\/media?parent=2770"}],"wp:term":[{"taxonomy":"category","embeddable":true,"href":"https:\/\/www.cislferrara.it\/fr\/wp-json\/wp\/v2\/categories?post=2770"},{"taxonomy":"post_tag","embeddable":true,"href":"https:\/\/www.cislferrara.it\/fr\/wp-json\/wp\/v2\/tags?post=2770"}],"curies":[{"name":"wp","href":"https:\/\/api.w.org\/{rel}","templated":true}]}}