{"id":2767,"date":"2018-02-14T11:18:59","date_gmt":"2018-02-14T10:18:59","guid":{"rendered":"https:\/\/www.cislferrara.it\/?p=2767"},"modified":"2018-02-14T15:10:57","modified_gmt":"2018-02-14T14:10:57","slug":"petizione-on-line","status":"publish","type":"post","link":"https:\/\/www.cislferrara.it\/fr\/petizione-on-line\/","title":{"rendered":"P\u00c9TITION EN LIGNE"},"content":{"rendered":"<p>La CISL FP a lanc\u00e9 une initiative importante en faveur des fonctionnaires pour lesquels la loi pr\u00e9voit le versement des Tfr\/Tfs avec des d\u00e9lais d&#039;attente allant d&#039;un minimum de 105 jours \u00e0 un maximum de plus de deux ans. Il s&#039;agit d&#039;une situation p\u00e9nalisante et injuste qui doit \u00eatre corrig\u00e9e.<\/p>\n<p>C&#039;est pour cette raison qu&#039;a \u00e9t\u00e9 lanc\u00e9e la p\u00e9tition \u00ab \u00c9galiser le calendrier de paiement du TFR entre les secteurs public et priv\u00e9 ! \u00bb, qui sera soumise aux repr\u00e9sentants politiques.<\/p>\n<p>L&#039;initiative est \u00e9galement mise en \u0153uvre avec la pr\u00e9sentation de cinq cas pilotes devant les tribunaux de Milan, Rome, Anc\u00f4ne, Turin, G\u00eanes, visant \u00e0 porter la l\u00e9gitimit\u00e9 constitutionnelle d&#039;un tel traitement au jugement de la Cour constitutionnelle.<\/p>\n<p>Nous vous invitons donc \u00e0 soutenir et signer la p\u00e9tition en vous connectant au lien suivant :<br \/>\n<a href=\"https:\/\/www.change.org\/p\/presidente-del-consiglio-dei-ministri-equiparare-i-tempi-di-erogazione-del-tfr-tra-settore-pubblico-e-privato\">https:\/\/www.change.org\/p\/presidente-del-consiglio-dei-ministri-equiparare-i-tempi-di-erogazione-del-tfr-tra-settore-pubblico-e-privato<\/a>. <\/p>","protected":false},"excerpt":{"rendered":"<p>CISL FP a lanc\u00e9 une initiative importante en faveur des travailleurs du secteur public pour lesquels la loi pr\u00e9voit le paiement du TFR\/TFS avec des d\u00e9lais d&#039;attente qui\u2026<\/p>","protected":false},"author":3,"featured_media":2768,"comment_status":"closed","ping_status":"closed","sticky":false,"template":"","format":"standard","meta":{"footnotes":""},"categories":[19,9,11],"tags":[188,189],"class_list":{"0":"post-2767","1":"post","2":"type-post","3":"status-publish","4":"format-standard","5":"has-post-thumbnail","7":"category-cisl-ferrara","8":"category-fp","9":"category-scuola","10":"tag-tfr","11":"tag-tfs"},"_links":{"self":[{"href":"https:\/\/www.cislferrara.it\/fr\/wp-json\/wp\/v2\/posts\/2767","targetHints":{"allow":["GET"]}}],"collection":[{"href":"https:\/\/www.cislferrara.it\/fr\/wp-json\/wp\/v2\/posts"}],"about":[{"href":"https:\/\/www.cislferrara.it\/fr\/wp-json\/wp\/v2\/types\/post"}],"author":[{"embeddable":true,"href":"https:\/\/www.cislferrara.it\/fr\/wp-json\/wp\/v2\/users\/3"}],"replies":[{"embeddable":true,"href":"https:\/\/www.cislferrara.it\/fr\/wp-json\/wp\/v2\/comments?post=2767"}],"version-history":[{"count":0,"href":"https:\/\/www.cislferrara.it\/fr\/wp-json\/wp\/v2\/posts\/2767\/revisions"}],"wp:featuredmedia":[{"embeddable":true,"href":"https:\/\/www.cislferrara.it\/fr\/wp-json\/wp\/v2\/media\/2768"}],"wp:attachment":[{"href":"https:\/\/www.cislferrara.it\/fr\/wp-json\/wp\/v2\/media?parent=2767"}],"wp:term":[{"taxonomy":"category","embeddable":true,"href":"https:\/\/www.cislferrara.it\/fr\/wp-json\/wp\/v2\/categories?post=2767"},{"taxonomy":"post_tag","embeddable":true,"href":"https:\/\/www.cislferrara.it\/fr\/wp-json\/wp\/v2\/tags?post=2767"}],"curies":[{"name":"wp","href":"https:\/\/api.w.org\/{rel}","templated":true}]}}