{"id":2759,"date":"2018-02-06T17:00:15","date_gmt":"2018-02-06T16:00:15","guid":{"rendered":"https:\/\/www.cislferrara.it\/?p=2759"},"modified":"2018-02-06T17:01:46","modified_gmt":"2018-02-06T16:01:46","slug":"contributo-affitto-2017","status":"publish","type":"post","link":"https:\/\/www.cislferrara.it\/fr\/contributo-affitto-2017\/","title":{"rendered":"Contribution au loyer 2017"},"content":{"rendered":"<p>Les candidatures pour le nouvel appel \u00e0 candidatures pour la Contribution Loyer 2017 doivent \u00eatre d\u00e9pos\u00e9es du 25\/01\/2018 au 15\/04\/2018.<br \/>\nLa contribution au paiement du loyer s&#039;adresse aux familles, ayant droit \u00e0 un contrat de location d&#039;un logement r\u00e9sidentiel, et non aux cessionnaires de logements sociaux, qui n\u00e9cessitent des interventions de soutien dans le domaine du logement.<\/p>\n<p><strong>Qui peut postuler<\/strong><br \/>\nLes personnes qui peuvent postuler sont :<br \/>\n\u2013 sont citoyens italiens, citoyens de l\u2019UE ou citoyens non europ\u00e9ens titulaires d\u2019un permis de s\u00e9jour d\u2019au moins un an<br \/>\ntitre de s\u00e9jour annuel ou CE pour les r\u00e9sidents de longue dur\u00e9e (anciennement carte de s\u00e9jour) ;<br \/>\n\u2013 sont r\u00e9sidents du logement, situ\u00e9 dans la commune de Ferrare, auquel se r\u00e9f\u00e8re le contrat de location ;<br \/>\n\u2013 avoir un contrat de bail d\u2019habitation enregistr\u00e9 ou un contrat de location<br \/>\ncession pour la jouissance d&#039;un logement appartenant \u00e0 une coop\u00e9rative \u00e0 l&#039;exclusion de la clause de<br \/>\npropri\u00e9t\u00e9 diff\u00e9r\u00e9e;<br \/>\n\u2013 avoir une valeur ISEE ordinaire pour les prestations sociales relatives \u00e0 la cellule familiale (expirant le<br \/>\n15\/01\/2019) n&#039;exc\u00e9dant pas 17 154,30 \u20ac ;<br \/>\n\u2013 ne sont pas attributaires d\u2019un logement social r\u00e9sidentiel (ERP) ;<br \/>\n\u2013 ne d\u00e9tiennent pas une part sup\u00e9rieure \u00e0 50% du droit de propri\u00e9t\u00e9, d\u2019usufruit, d\u2019usage ou d\u2019habitation sur<br \/>\nun logement situ\u00e9 au niveau national et adapt\u00e9 aux besoins de la cellule familiale conform\u00e9ment au d\u00e9cret minist\u00e9riel du 5 juillet<br \/>\n1975 (\u00e0 l&#039;exception de quelques cas qui peuvent \u00eatre consult\u00e9s dans la notice) ;<br \/>\n\u2013 n\u2019ont pas droit \u00e0 une contribution pour \u00ab l\u2019urgence logement \u00bb ;<br \/>\n\u2013 ne sont pas b\u00e9n\u00e9ficiaires, au cours de l\u2019ann\u00e9e 2018, d\u2019une contribution du Fonds pour \u00ab manquement coupable \u00bb ;<br \/>\n\u2013 ne sont pas b\u00e9n\u00e9ficiaires, au cours de l\u2019ann\u00e9e 2018, d\u2019une contribution destin\u00e9e aux sujets faisant l\u2019objet de proc\u00e9dures d\u2019expulsion<br \/>\npour la r\u00e9siliation du bail.<\/p>\n<p><strong>Quel est le montant des cotisations ?<\/strong><br \/>\nLa contribution sera attribu\u00e9e en faisant d\u00e9filer le classement jusqu&#039;\u00e0 \u00e9puisement des fonds disponibles.<br \/>\nLa cotisation vers\u00e9e est \u00e9gale au maximum \u00e0 trois mois de loyer, pour un montant n&#039;exc\u00e9dant pas 1 500,00 \u20ac au total.<br \/>\nLe loyer \u00e0 prendre comme r\u00e9f\u00e9rence est celui indiqu\u00e9 dans le contrat de location, sans les r\u00e9\u00e9valuations ISTAT.<\/p>\n<p><strong>O\u00f9 postuler<\/strong><br \/>\nLa demande doit \u00eatre pr\u00e9sent\u00e9e sur le formulaire appropri\u00e9 et remise en main propre ou envoy\u00e9e par courrier recommand\u00e9 avec accus\u00e9 de r\u00e9ception avant le 15\/04\/2018 (en cas d&#039;exp\u00e9dition, la date du cachet de la poste fera foi) \u00e0 :<br \/>\nACER Ferrare \u2013 C.so Vittorio Veneto, 7 \u2013 44121 Ferrare.<br \/>\nL&#039;AVIS et la DEMANDE sont disponibles sur le site Web de l&#039;ACER, <a href=\"http:\/\/www.acerferrara.it\">www.acerferrara.it<\/a> et sur le site de l&#039;institution<br \/>\nde la municipalit\u00e9 de Ferrare, <a href=\"http:\/\/www.comunediferrara.it\">www.comune.ferrara.it<\/a> .<\/p>\n<p><strong>Veuillez noter que Sicet est en mesure de fournir une assistance aux parties int\u00e9ress\u00e9es pour remplir la demande, lors de l&#039;inscription.<\/strong> <\/p>","protected":false},"excerpt":{"rendered":"<p>Les candidatures pour le nouvel appel \u00e0 candidatures pour la Contribution Loyer 2017 doivent \u00eatre d\u00e9pos\u00e9es entre le 25\/01\/2018 et le 15\/04\/2018. Veuillez noter que le Sicet peut assister les personnes int\u00e9ress\u00e9es dans le d\u00e9p\u00f4t de leur candidature, d\u00e8s leur inscription.<\/p>","protected":false},"author":3,"featured_media":1384,"comment_status":"closed","ping_status":"closed","sticky":false,"template":"","format":"standard","meta":{"footnotes":""},"categories":[19,131],"tags":[],"class_list":{"0":"post-2759","1":"post","2":"type-post","3":"status-publish","4":"format-standard","5":"has-post-thumbnail","7":"category-cisl-ferrara","8":"category-sicet"},"_links":{"self":[{"href":"https:\/\/www.cislferrara.it\/fr\/wp-json\/wp\/v2\/posts\/2759","targetHints":{"allow":["GET"]}}],"collection":[{"href":"https:\/\/www.cislferrara.it\/fr\/wp-json\/wp\/v2\/posts"}],"about":[{"href":"https:\/\/www.cislferrara.it\/fr\/wp-json\/wp\/v2\/types\/post"}],"author":[{"embeddable":true,"href":"https:\/\/www.cislferrara.it\/fr\/wp-json\/wp\/v2\/users\/3"}],"replies":[{"embeddable":true,"href":"https:\/\/www.cislferrara.it\/fr\/wp-json\/wp\/v2\/comments?post=2759"}],"version-history":[{"count":0,"href":"https:\/\/www.cislferrara.it\/fr\/wp-json\/wp\/v2\/posts\/2759\/revisions"}],"wp:featuredmedia":[{"embeddable":true,"href":"https:\/\/www.cislferrara.it\/fr\/wp-json\/wp\/v2\/media\/1384"}],"wp:attachment":[{"href":"https:\/\/www.cislferrara.it\/fr\/wp-json\/wp\/v2\/media?parent=2759"}],"wp:term":[{"taxonomy":"category","embeddable":true,"href":"https:\/\/www.cislferrara.it\/fr\/wp-json\/wp\/v2\/categories?post=2759"},{"taxonomy":"post_tag","embeddable":true,"href":"https:\/\/www.cislferrara.it\/fr\/wp-json\/wp\/v2\/tags?post=2759"}],"curies":[{"name":"wp","href":"https:\/\/api.w.org\/{rel}","templated":true}]}}