{"id":2734,"date":"2017-12-21T17:35:31","date_gmt":"2017-12-21T16:35:31","guid":{"rendered":"https:\/\/www.cislferrara.it\/?p=2734"},"modified":"2018-01-09T17:03:10","modified_gmt":"2018-01-09T16:03:10","slug":"servizi-aperti-nel-periodo-natalizio-patronato-autopratiche","status":"publish","type":"post","link":"https:\/\/www.cislferrara.it\/fr\/servizi-aperti-nel-periodo-natalizio-patronato-autopratiche\/","title":{"rendered":"SERVICES OUVERTS PENDANT LA P\u00c9RIODE DE NO\u00cbL : M\u00c9C\u00c9NAT ET SOINS PERSONNELS"},"content":{"rendered":"<p>Durant la p\u00e9riode de No\u00ebl, l&#039;Inas Patronato respectera les horaires d&#039;ouverture suivants au public\u00a0:<\/p>\n<p>Du 27 au 29 d\u00e9cembre, de 8h30 \u00e0 12h30. L&#039;acc\u00e8s au service sera accept\u00e9 jusqu&#039;\u00e0 12h00.<\/p>\n<p style=\"text-align: center;\">* * *<\/p>\n<p>Pendant la p\u00e9riode de No\u00ebl, le centre d&#039;entra\u00eenement automobile Cisl aura les horaires d&#039;ouverture suivants\u00a0:<\/p>\n<p>Les 27, 28 et 29 d\u00e9cembre, de 9h30 \u00e0 12h30<\/p>\n<p>Les 2, 3, 4 et 5 janvier, de 9h30 \u00e0 12h30 <\/p>","protected":false},"excerpt":{"rendered":"<p>Nel periodo Natalizio il Patronato Inas rispetter\u00e0 il seguente orario di apertura al pubblico: 27-28-29 dicembre dalle 8,30 alle 12,30. Si accetteranno accessi al servizio fino alle ore 12.00 *&#8230;<\/p>","protected":false},"author":3,"featured_media":1255,"comment_status":"closed","ping_status":"closed","sticky":false,"template":"","format":"standard","meta":{"footnotes":""},"categories":[1],"tags":[],"class_list":{"0":"post-2734","1":"post","2":"type-post","3":"status-publish","4":"format-standard","5":"has-post-thumbnail","7":"category-area-stampa"},"_links":{"self":[{"href":"https:\/\/www.cislferrara.it\/fr\/wp-json\/wp\/v2\/posts\/2734","targetHints":{"allow":["GET"]}}],"collection":[{"href":"https:\/\/www.cislferrara.it\/fr\/wp-json\/wp\/v2\/posts"}],"about":[{"href":"https:\/\/www.cislferrara.it\/fr\/wp-json\/wp\/v2\/types\/post"}],"author":[{"embeddable":true,"href":"https:\/\/www.cislferrara.it\/fr\/wp-json\/wp\/v2\/users\/3"}],"replies":[{"embeddable":true,"href":"https:\/\/www.cislferrara.it\/fr\/wp-json\/wp\/v2\/comments?post=2734"}],"version-history":[{"count":0,"href":"https:\/\/www.cislferrara.it\/fr\/wp-json\/wp\/v2\/posts\/2734\/revisions"}],"wp:featuredmedia":[{"embeddable":true,"href":"https:\/\/www.cislferrara.it\/fr\/wp-json\/wp\/v2\/media\/1255"}],"wp:attachment":[{"href":"https:\/\/www.cislferrara.it\/fr\/wp-json\/wp\/v2\/media?parent=2734"}],"wp:term":[{"taxonomy":"category","embeddable":true,"href":"https:\/\/www.cislferrara.it\/fr\/wp-json\/wp\/v2\/categories?post=2734"},{"taxonomy":"post_tag","embeddable":true,"href":"https:\/\/www.cislferrara.it\/fr\/wp-json\/wp\/v2\/tags?post=2734"}],"curies":[{"name":"wp","href":"https:\/\/api.w.org\/{rel}","templated":true}]}}