{"id":2731,"date":"2017-12-21T15:20:10","date_gmt":"2017-12-21T14:20:10","guid":{"rendered":"https:\/\/www.cislferrara.it\/?p=2731"},"modified":"2017-12-21T15:20:10","modified_gmt":"2017-12-21T14:20:10","slug":"iscriviti-alla-cisl-tutti-servizi-inas-rimarrano-sempre-gratuiti","status":"publish","type":"post","link":"https:\/\/www.cislferrara.it\/fr\/iscriviti-alla-cisl-tutti-servizi-inas-rimarrano-sempre-gratuiti\/","title":{"rendered":"Inscrivez-vous \u00e0 Cisl : tous les services Inas resteront toujours gratuits pour vous"},"content":{"rendered":"<p>Le Patronato Inas informe qu&#039;\u00e0 partir du 1er janvier 2018, pour faire face aux coupes dans les ressources publiques, une contribution de 15 euros sera pr\u00e9vue pour certains services<\/p>\n<p><strong>Pour les membres du CISL, tous les services resteront gratuits.<\/strong><\/p>\n<p>Gr\u00e2ce \u00e0 une petite contribution, qui ne couvre pas le co\u00fbt des services fournis, l&#039;Inas peut maintenir sa fonction sociale et maintenir de nombreux services gratuits, tels que <strong>pensions, prestations de s\u00e9curit\u00e9 sociale, allocations de ch\u00f4mage agricole et NASPI !<\/strong><\/p>\n<p>(Convention sign\u00e9e avec le Minist\u00e8re du Travail et des Politiques Sociales le 8 novembre 2017).<\/p>\n<p><em>Liste des services pour lesquels une contribution sera vers\u00e9e aux non-membres de la CISL \u00e0 compter du 1er janvier 2018 :<\/em><br \/>\n\u2013 \u00c9tablissement de la position d\u2019assurance<br \/>\n\u2013 Recalcul des pensions pour des raisons de revenus et de documents<br \/>\n\u2013 Allocations familiales pour les travailleurs salari\u00e9s<br \/>\n\u2013 Services \u00e0 confirmer<br \/>\n\u2013 Protection de la maternit\u00e9<br \/>\n\u2013 R\u00e9unions<br \/>\n\u2013 Soins spa INPS<br \/>\n\u2013 Charges courues et non encaiss\u00e9es<br \/>\n\u2013 Int\u00e9r\u00eats juridiques<br \/>\n\u2013 Double versement annuel de r\u00e9versibilit\u00e9<br \/>\n\u2013 V\u00e9rification et rectification des positions d\u2019assurance<br \/>\n\u2013 Contributions volontaires<br \/>\n\u2013 Rachats<br \/>\n\u2013 Allocation de pr\u00e9sence INPS<br \/>\n\u2013 Protection des personnes handicap\u00e9es<br \/>\n\u2013 Inapte au service<br \/>\n\u2013 Augmentation de la pension INAIL pour les membres de la famille \u00e0 charge<br \/>\n\u2013 Indemnisation INAIL en cas de rechute apr\u00e8s retour au travail<br \/>\n\u2013 Rachat de la pension INAIL pour les travailleurs agricoles<br \/>\n\u2013 Compl\u00e9ment de la pension INAIL pour les survivants<br \/>\n\u2013 Demander des tests de diagnostic dans les bureaux de l\u2019INAIL<br \/>\n\u2013 Soins spa et s\u00e9jours h\u00f4teliers pris en charge par l\u2019INAIL<br \/>\n\u2013 Demande de proth\u00e8se INAIL<br \/>\n\u2013 Remboursement INAIL des frais fun\u00e9raires<br \/>\n\u2013 Prestation INAIL \u00ab Fonds pour les victimes graves d&#039;accidents du travail \u00bb<br \/>\n\u2013 Trois ann\u00e9es de pension INAIL pour le conjoint survivant en cas de remariage<br \/>\n\u2013 Allocation INAIL pour l\u2019assistance aux travailleurs gravement malades<br \/>\n\u2013 Allocation INAIL pour les personnes gravement handicap\u00e9es qui ne peuvent pas travailler<br \/>\n\u2013 Remboursement des m\u00e9dicaments par l\u2019INAIL<br \/>\n\u2013 Remboursement des frais de d\u00e9placement\/indemnit\u00e9s journali\u00e8res pour suivre un traitement<br \/>\n\u2013 Allocation mensuelle INAIL pour les orphelins ou veufs de travailleurs percevant une rente<\/p>\n<p>&nbsp;<\/p>\n<p><a href=\"http:\/\/www.inas.it\/pdf\/Locandina%20campagna%20informativa.pdf\">http:\/\/www.inas.it\/pdf\/Locandina%20campagna%20informativa.pdf<\/a> <\/p>","protected":false},"excerpt":{"rendered":"<p>Il Patronato Inas informa che dal 1\u00b0 gennaio 2018, per far fronte ai tagli alle risorse pubbliche, \u00e8 previsto un contributo di 15 euro per alcune prestazioni Per gli iscritti&#8230;<\/p>","protected":false},"author":3,"featured_media":2732,"comment_status":"closed","ping_status":"closed","sticky":false,"template":"","format":"standard","meta":{"footnotes":""},"categories":[24,127],"tags":[186,34,187],"class_list":{"0":"post-2731","1":"post","2":"type-post","3":"status-publish","4":"format-standard","5":"has-post-thumbnail","7":"category-avvisi","8":"category-patronato-inas","9":"tag-inas","10":"tag-patronato","11":"tag-pensioni"},"_links":{"self":[{"href":"https:\/\/www.cislferrara.it\/fr\/wp-json\/wp\/v2\/posts\/2731","targetHints":{"allow":["GET"]}}],"collection":[{"href":"https:\/\/www.cislferrara.it\/fr\/wp-json\/wp\/v2\/posts"}],"about":[{"href":"https:\/\/www.cislferrara.it\/fr\/wp-json\/wp\/v2\/types\/post"}],"author":[{"embeddable":true,"href":"https:\/\/www.cislferrara.it\/fr\/wp-json\/wp\/v2\/users\/3"}],"replies":[{"embeddable":true,"href":"https:\/\/www.cislferrara.it\/fr\/wp-json\/wp\/v2\/comments?post=2731"}],"version-history":[{"count":0,"href":"https:\/\/www.cislferrara.it\/fr\/wp-json\/wp\/v2\/posts\/2731\/revisions"}],"wp:featuredmedia":[{"embeddable":true,"href":"https:\/\/www.cislferrara.it\/fr\/wp-json\/wp\/v2\/media\/2732"}],"wp:attachment":[{"href":"https:\/\/www.cislferrara.it\/fr\/wp-json\/wp\/v2\/media?parent=2731"}],"wp:term":[{"taxonomy":"category","embeddable":true,"href":"https:\/\/www.cislferrara.it\/fr\/wp-json\/wp\/v2\/categories?post=2731"},{"taxonomy":"post_tag","embeddable":true,"href":"https:\/\/www.cislferrara.it\/fr\/wp-json\/wp\/v2\/tags?post=2731"}],"curies":[{"name":"wp","href":"https:\/\/api.w.org\/{rel}","templated":true}]}}