{"id":2722,"date":"2017-12-11T10:05:41","date_gmt":"2017-12-11T09:05:41","guid":{"rendered":"https:\/\/www.cislferrara.it\/?p=2722"},"modified":"2017-12-11T17:32:25","modified_gmt":"2017-12-11T16:32:25","slug":"sciopero-distribuzione-moderna-organizzata-distribuzione-cooperativa","status":"publish","type":"post","link":"https:\/\/www.cislferrara.it\/fr\/sciopero-distribuzione-moderna-organizzata-distribuzione-cooperativa\/","title":{"rendered":"GR\u00c8VE DISTRIBUTION ORGANIS\u00c9E MODERNE ET DISTRIBUTION COOP\u00c9RATIVE"},"content":{"rendered":"<p>Plus de 350\u00a0000 travailleurs du commerce de d\u00e9tail moderne et de la distribution coop\u00e9rative seront en gr\u00e8ve. Appel\u00e9e conjointement par les syndicats Filcams Cgil, Fisascat Cisl et Uiltucs, cette gr\u00e8ve vise \u00e0 faire progresser les n\u00e9gociations en vue du renouvellement des conventions collectives nationales.<\/p>\n<p>Les quelque 300\u00a0000 travailleurs italiens de la distribution moderne attendent depuis quatre ans la finalisation de leur premi\u00e8re convention collective nationale. Les n\u00e9gociations avec l&#039;association professionnelle nationale Federdistribuzione sont au point mort depuis pr\u00e8s d&#039;un an, apr\u00e8s la d\u00e9cision unilat\u00e9rale, en juillet\u00a02017, d&#039;accorder des augmentations salariales bien inf\u00e9rieures aux accords nationaux d\u00e9j\u00e0 conclus avec les associations professionnelles Confcommercio et Confesercenti.<\/p>\n<p>Selon le communiqu\u00e9 de presse du syndicat adress\u00e9 aux entreprises, Fisascat Cisl affirme que \u00ab les probl\u00e8mes des travailleurs de la grande distribution ne se r\u00e9solvent pas par des paiements unilat\u00e9raux, mais par des accords sign\u00e9s par les parties qui \u00e9tablissent des r\u00e8gles communes et structurelles pour la cat\u00e9gorie et le secteur, tout en assumant la responsabilit\u00e9 de relever les d\u00e9fis que le march\u00e9 impose aux entreprises \u00bb. Les mesures unilat\u00e9rales portent atteinte au r\u00f4le du travail et ne reconnaissent pas la dignit\u00e9 des contributions laborieuses que les travailleurs apportent chaque jour \u00e0 leurs entreprises, souvent avec des heures et des jours, souvent des jours f\u00e9ri\u00e9s et des dimanches, \u00e9loign\u00e9s de la vie sociale et des liens familiaux.<\/p>\n<p>Par ailleurs, environ 70\u00a0000 travailleurs du syst\u00e8me de distribution Coop ne peuvent plus compter depuis quatre ans sur les augmentations salariales l\u00e9gitimes et sacro-saintes dont b\u00e9n\u00e9ficient leurs coll\u00e8gues des entreprises affili\u00e9es \u00e0 Confcommercio et Confesercenti, indique le communiqu\u00e9 du syndicat Fisascat Cisl. \u00ab\u00a0Il appara\u00eet donc injustifi\u00e9 et injuste que, pour une vision purement id\u00e9ologique de leur r\u00f4le de n\u00e9gociation, les associations nationales d&#039;entreprises coop\u00e9ratives \u00e9vitent syst\u00e9matiquement une discussion s\u00e9rieuse sur le bien-fond\u00e9 du renouvellement d&#039;une convention collective nationale pour cette cat\u00e9gorie.\u00a0\u00bb Cela est d&#039;autant plus vrai que \u00ab\u00a0ceux qui se pr\u00e9tendent une entreprise diff\u00e9rente des autres et attentive aux enjeux sociaux refusent aux femmes et aux hommes qui \u0153uvrent quotidiennement \u00e0 la consolidation de ce mod\u00e8le \u00e9conomique dans l&#039;\u00e9conomie et le pays une juste r\u00e9mun\u00e9ration de leur travail.\u00a0\u00bb<\/p>\n<p>\u00ab Le paysage des n\u00e9gociations \u00bb, a d\u00e9clar\u00e9 le secr\u00e9taire g\u00e9n\u00e9ral national Pierangelo Raineri, \u00ab est encore compliqu\u00e9 par la fragmentation des tables de n\u00e9gociation, et l&#039;impasse des n\u00e9gociations est aggrav\u00e9e par l&#039;annulation de la convention collective sectorielle compl\u00e9mentaire, qui a entra\u00een\u00e9 la perte de composantes salariales pour les salari\u00e9s du secteur des services, o\u00f9 les conflits et les proc\u00e9dures de licenciement se sont multipli\u00e9s ces derni\u00e8res ann\u00e9es. \u00bb \u00ab Pour Fisascat CISL \u00bb, a conclu le repr\u00e9sentant syndical, \u00ab il est impensable que le prix de la crise de ces derni\u00e8res ann\u00e9es retombe exclusivement sur les travailleurs, pour qui le renouvellement des contrats nationaux ne peut plus \u00eatre report\u00e9. Ces contrats doivent d\u00e9finir des augmentations salariales d\u00e9centes, conformes aux renouvellements d\u00e9j\u00e0 sign\u00e9s, mais aussi renforcer les mesures li\u00e9es \u00e0 la protection sociale compl\u00e9mentaire, une exp\u00e9rience consolid\u00e9e qui s&#039;est av\u00e9r\u00e9e positive pour tous les secteurs du secteur des services priv\u00e9s. \u00bb<\/p>\n<p>Pour les travailleurs de la Distribution Moderne Organis\u00e9e et de la Distribution Coop\u00e9rative, la situation est insoutenable et a le go\u00fbt d&#039;une moquerie ; l&#039;application et le renouvellement de la Convention Collective du Travail sont des droits sacrosaints de tous les travailleurs et un objectif essentiel pour le syndicat - affirme Luca Benfenati, Secr\u00e9taire G\u00e9n\u00e9ral de Fisascat Ferrara et - nous anticipons donc - conclut-il - que la pr\u00e9sence de Fisascat Ferrara sera tr\u00e8s visible et active tant \u00e0 l&#039;occasion des r\u00e9unions d&#039;information n\u00e9cessaires que des initiatives ult\u00e9rieures \u00e0 mener \u00e0 l&#039;occasion de la journ\u00e9e de gr\u00e8ve qui seront identifi\u00e9es et communiqu\u00e9es prochainement. <\/p>","protected":false},"excerpt":{"rendered":"<p>GR\u00c8VE DISTRIBUTION ORGANIS\u00c9E MODERNE ET DISTRIBUTION COOP\u00c9RATIVE<br \/>\nIN SCIOPERO I 350MILA ADDETTI SENZA CONTRATTO NAZIONALE DA QUATTRO ANNI<\/p>","protected":false},"author":3,"featured_media":2724,"comment_status":"closed","ping_status":"closed","sticky":false,"template":"","format":"standard","meta":{"footnotes":""},"categories":[1,19,8],"tags":[70,185,184,43],"class_list":{"0":"post-2722","1":"post","2":"type-post","3":"status-publish","4":"format-standard","5":"has-post-thumbnail","7":"category-area-stampa","8":"category-cisl-ferrara","9":"category-fisascat","10":"tag-ccnl","11":"tag-distribuzione-cooperativa","12":"tag-distribuzione-moderna-organizzata","13":"tag-sciopero"},"_links":{"self":[{"href":"https:\/\/www.cislferrara.it\/fr\/wp-json\/wp\/v2\/posts\/2722","targetHints":{"allow":["GET"]}}],"collection":[{"href":"https:\/\/www.cislferrara.it\/fr\/wp-json\/wp\/v2\/posts"}],"about":[{"href":"https:\/\/www.cislferrara.it\/fr\/wp-json\/wp\/v2\/types\/post"}],"author":[{"embeddable":true,"href":"https:\/\/www.cislferrara.it\/fr\/wp-json\/wp\/v2\/users\/3"}],"replies":[{"embeddable":true,"href":"https:\/\/www.cislferrara.it\/fr\/wp-json\/wp\/v2\/comments?post=2722"}],"version-history":[{"count":0,"href":"https:\/\/www.cislferrara.it\/fr\/wp-json\/wp\/v2\/posts\/2722\/revisions"}],"wp:featuredmedia":[{"embeddable":true,"href":"https:\/\/www.cislferrara.it\/fr\/wp-json\/wp\/v2\/media\/2724"}],"wp:attachment":[{"href":"https:\/\/www.cislferrara.it\/fr\/wp-json\/wp\/v2\/media?parent=2722"}],"wp:term":[{"taxonomy":"category","embeddable":true,"href":"https:\/\/www.cislferrara.it\/fr\/wp-json\/wp\/v2\/categories?post=2722"},{"taxonomy":"post_tag","embeddable":true,"href":"https:\/\/www.cislferrara.it\/fr\/wp-json\/wp\/v2\/tags?post=2722"}],"curies":[{"name":"wp","href":"https:\/\/api.w.org\/{rel}","templated":true}]}}