{"id":2657,"date":"2017-10-24T12:45:11","date_gmt":"2017-10-24T10:45:11","guid":{"rendered":"https:\/\/www.cislferrara.it\/?p=2657"},"modified":"2017-10-31T11:52:46","modified_gmt":"2017-10-31T10:52:46","slug":"agevolazioni-disabili-nel-settore-auto","status":"publish","type":"post","link":"https:\/\/www.cislferrara.it\/fr\/agevolazioni-disabili-nel-settore-auto\/","title":{"rendered":"INSTALLATIONS POUR HANDICAP\u00c9S DANS LE SECTEUR AUTOMOBILE"},"content":{"rendered":"<p>La l\u00e9gislation fiscale reconna\u00eet de nombreux avantages fiscaux aux personnes handicap\u00e9es pour l\u2019achat et la possession de v\u00e9hicules.<\/p>\n<p>Les all\u00e9gements fiscaux accord\u00e9s sont :<\/p>\n<ul>\n<li>Exon\u00e9ration du paiement de la taxe provinciale de transcription (IPT)<\/li>\n<li>Exon\u00e9ration des frais PRA<\/li>\n<li>R\u00e9duction de TVA \u00e0 4%<\/li>\n<li>D\u00e9duction IRPEF \u00e0 19%<\/li>\n<li>Exon\u00e9ration du paiement de la taxe automobile (taxe de circulation)<\/li>\n<\/ul>\n<p>Quand les prestations sont-elles dues ?<\/p>\n<ol>\n<li>IMMATRICULATION : le v\u00e9hicule doit \u00eatre immatricul\u00e9 au nom de la personne handicap\u00e9e ou de la personne dont la personne handicap\u00e9e est fiscalement \u00e0 charge.<\/li>\n<li>NOMBRE DE V\u00c9HICULES : Les avantages relatifs \u00e0 la taxe sur les v\u00e9hicules et \u00e0 la taxe d&#039;immatriculation provinciale ne sont accord\u00e9s que pour un seul v\u00e9hicule. Les avantages relatifs \u00e0 la TVA et \u00e0 l&#039;imp\u00f4t sur le revenu des personnes physiques ne peuvent \u00eatre accord\u00e9s qu&#039;une fois tous les quatre ans.<\/li>\n<li>LIMITES DE CYLINDR\u00c9E DU MOTEUR : jusqu&#039;\u00e0 2000 cc s&#039;il est \u00e0 essence et jusqu&#039;\u00e0 2800 cc s&#039;il est \u00e0 diesel<\/li>\n<li>PATHOLOGIES :<\/li>\n<\/ol>\n<ul>\n<li>Motricit\u00e9 r\u00e9duite ou alt\u00e9r\u00e9e. Dans ce cas, l&#039;adaptation du v\u00e9hicule est une condition pr\u00e9alable \u00e0 l&#039;obtention de toutes les prestations.<\/li>\n<li>Limitation s\u00e9v\u00e8re et permanente de la marche et des d\u00e9ambulations multiples<\/li>\n<li>Handicap mental ou psychologique. Dans ce cas, une condition suppl\u00e9mentaire est requise pour la reconnaissance des prestations et le droit \u00e0 l&#039;allocation correspondante.<\/li>\n<li>D\u00e9ficiences sensorielles (surdit\u00e9 et c\u00e9cit\u00e9). Chaque province peut accorder des d\u00e9rogations dans l&#039;exercice de son pouvoir r\u00e9glementaire.<\/li>\n<\/ul>\n<p>NB : VEUILLEZ NOTER QUE TOUS LES AVANTAGES FISCAUX SERONT PERDUS, AVEC OBLIGATION DE REMBOURSEMENT, EN CAS DE CESSION DE V\u00c9HICULES, QUE CE SOIT \u00c0 TITRE ON\u00c9RIEL OU GRATUIT, DANS LES DEUX ANS SUIVANT L&#039;ACHAT. <\/p>","protected":false},"excerpt":{"rendered":"<p>La normativa tributaria riconosce numerosi benefici fiscali in favore dei disabili per l\u2019acquisto e la tenuta dei veicoli. Le agevolazioni fiscali concesse sono: Esenzione del versamento dell\u2019Imposta Provinciale di Trascrizione&#8230;<\/p>","protected":false},"author":3,"featured_media":2681,"comment_status":"closed","ping_status":"closed","sticky":false,"template":"","format":"standard","meta":{"footnotes":""},"categories":[1,133,19],"tags":[],"class_list":{"0":"post-2657","1":"post","2":"type-post","3":"status-publish","4":"format-standard","5":"has-post-thumbnail","7":"category-area-stampa","8":"category-centro-autopratiche","9":"category-cisl-ferrara"},"_links":{"self":[{"href":"https:\/\/www.cislferrara.it\/fr\/wp-json\/wp\/v2\/posts\/2657","targetHints":{"allow":["GET"]}}],"collection":[{"href":"https:\/\/www.cislferrara.it\/fr\/wp-json\/wp\/v2\/posts"}],"about":[{"href":"https:\/\/www.cislferrara.it\/fr\/wp-json\/wp\/v2\/types\/post"}],"author":[{"embeddable":true,"href":"https:\/\/www.cislferrara.it\/fr\/wp-json\/wp\/v2\/users\/3"}],"replies":[{"embeddable":true,"href":"https:\/\/www.cislferrara.it\/fr\/wp-json\/wp\/v2\/comments?post=2657"}],"version-history":[{"count":0,"href":"https:\/\/www.cislferrara.it\/fr\/wp-json\/wp\/v2\/posts\/2657\/revisions"}],"wp:featuredmedia":[{"embeddable":true,"href":"https:\/\/www.cislferrara.it\/fr\/wp-json\/wp\/v2\/media\/2681"}],"wp:attachment":[{"href":"https:\/\/www.cislferrara.it\/fr\/wp-json\/wp\/v2\/media?parent=2657"}],"wp:term":[{"taxonomy":"category","embeddable":true,"href":"https:\/\/www.cislferrara.it\/fr\/wp-json\/wp\/v2\/categories?post=2657"},{"taxonomy":"post_tag","embeddable":true,"href":"https:\/\/www.cislferrara.it\/fr\/wp-json\/wp\/v2\/tags?post=2657"}],"curies":[{"name":"wp","href":"https:\/\/api.w.org\/{rel}","templated":true}]}}