{"id":2637,"date":"2017-10-02T11:51:42","date_gmt":"2017-10-02T09:51:42","guid":{"rendered":"https:\/\/www.cislferrara.it\/?p=2637"},"modified":"2017-10-02T11:51:42","modified_gmt":"2017-10-02T09:51:42","slug":"2-ottobre-festa-dei-nonni","status":"publish","type":"post","link":"https:\/\/www.cislferrara.it\/fr\/2-ottobre-festa-dei-nonni\/","title":{"rendered":"2 OCTOBRE F\u00caTE DES GRANDS-PARENTS"},"content":{"rendered":"<p>Le 2 octobre, la F\u00e9d\u00e9ration des retrait\u00e9s CISL de Ferrare, se souvenant du travail irrempla\u00e7able que les grands-parents accomplissent chaque jour de l&#039;ann\u00e9e pour soutenir leur famille, leur souhaite une merveilleuse f\u00eate des grands-parents. <\/p>","protected":false},"excerpt":{"rendered":"<p>La Federazione dei Pensionati della Cisl di Ferrara, nella giornata del 2 ottobre, ricordando l&#8217;insostituibile lavoro che tutti i giorni dell&#8217;anno i nonni compiono a sostegno delle famiglie, augura loro&#8230;<\/p>","protected":false},"author":3,"featured_media":2638,"comment_status":"closed","ping_status":"closed","sticky":false,"template":"","format":"standard","meta":{"footnotes":""},"categories":[19,16],"tags":[],"class_list":{"0":"post-2637","1":"post","2":"type-post","3":"status-publish","4":"format-standard","5":"has-post-thumbnail","7":"category-cisl-ferrara","8":"category-fnp"},"_links":{"self":[{"href":"https:\/\/www.cislferrara.it\/fr\/wp-json\/wp\/v2\/posts\/2637","targetHints":{"allow":["GET"]}}],"collection":[{"href":"https:\/\/www.cislferrara.it\/fr\/wp-json\/wp\/v2\/posts"}],"about":[{"href":"https:\/\/www.cislferrara.it\/fr\/wp-json\/wp\/v2\/types\/post"}],"author":[{"embeddable":true,"href":"https:\/\/www.cislferrara.it\/fr\/wp-json\/wp\/v2\/users\/3"}],"replies":[{"embeddable":true,"href":"https:\/\/www.cislferrara.it\/fr\/wp-json\/wp\/v2\/comments?post=2637"}],"version-history":[{"count":0,"href":"https:\/\/www.cislferrara.it\/fr\/wp-json\/wp\/v2\/posts\/2637\/revisions"}],"wp:featuredmedia":[{"embeddable":true,"href":"https:\/\/www.cislferrara.it\/fr\/wp-json\/wp\/v2\/media\/2638"}],"wp:attachment":[{"href":"https:\/\/www.cislferrara.it\/fr\/wp-json\/wp\/v2\/media?parent=2637"}],"wp:term":[{"taxonomy":"category","embeddable":true,"href":"https:\/\/www.cislferrara.it\/fr\/wp-json\/wp\/v2\/categories?post=2637"},{"taxonomy":"post_tag","embeddable":true,"href":"https:\/\/www.cislferrara.it\/fr\/wp-json\/wp\/v2\/tags?post=2637"}],"curies":[{"name":"wp","href":"https:\/\/api.w.org\/{rel}","templated":true}]}}