{"id":2520,"date":"2017-07-19T17:53:51","date_gmt":"2017-07-19T15:53:51","guid":{"rendered":"http:\/\/www.cislferrara.it\/?p=2520"},"modified":"2017-07-26T17:54:28","modified_gmt":"2017-07-26T15:54:28","slug":"propack-di-ostellato-venduta-ad-alpla-group","status":"publish","type":"post","link":"https:\/\/www.cislferrara.it\/fr\/propack-di-ostellato-venduta-ad-alpla-group\/","title":{"rendered":"Propack d&#039;Ostellato vendu au GROUPE ALPLA"},"content":{"rendered":"<p>Il y a quelques jours, l&#039;acquisition de l&#039;usine Propack d&#039;Ostellato par Alpla, l&#039;un des plus grands groupes internationaux d&#039;emballage plastique, a \u00e9t\u00e9 finalis\u00e9e.<\/p>\n<p>Le lundi 24, la nouvelle direction rencontrera les travailleurs de Propack pour se pr\u00e9senter et expliquer ses intentions.<\/p>\n<p>\u00ab\u00a0Bien entendu, nous, secr\u00e9taires des syndicats repr\u00e9sentatifs de la structure (Filctem Cgil et Femca Cisl), solliciterons \u00e9galement une r\u00e9union\u00a0\u00bb, affirment Luigi Baiano et Fausto Chiarioni, \u00ab\u00a0afin de mieux comprendre le plan d&#039;investissement men\u00e9 dans l&#039;entreprise Ostellato et ses \u00e9ventuelles r\u00e9percussions sur l&#039;emploi. M\u00eame si les perspectives semblent plut\u00f4t bonnes \u00e0 premi\u00e8re vue, le groupe est solide et leader europ\u00e9en de l&#039;emballage plastique, expert en emballage et donc dans le m\u00eame secteur que Propack, producteur de flacons de lessive.\u00a0\u00bb<\/p>\n<p>La famille Scapoli a maintenu Propack \u00e0 Ostellato, m\u00eame si le c\u0153ur de la production de l&#039;entreprise (Biochimica Spa) est situ\u00e9 \u00e0 Zola Pedrosa, dans la r\u00e9gion de Bologne. Pour cette raison logistique, je pense que nous comprenons le choix strat\u00e9gique de vendre l&#039;entreprise tout en restant client de Propack pendant environ cinq ans. L&#039;entreprise continuera de produire pour Biochimica, garantissant ainsi la continuit\u00e9 de la production.<\/p>\n<p>\u00ab Nous souhaitons \u00e9tablir une relation franche avec Alpla d\u00e8s le d\u00e9part \u00bb, conclut Baiano, secr\u00e9taire g\u00e9n\u00e9ral de Femca Cisl Ferrara. \u00ab Nous savons qu&#039;elle poss\u00e8de \u00e9galement d&#039;autres usines en Italie et plus de 150 dans le monde (pr\u00e8s de 20\u00a0000 employ\u00e9s). Nous ne sommes donc pas vraiment de nouveaux entrepreneurs, notamment parce que nous pensons qu&#039;Ostellato peut \u00eatre v\u00e9ritablement strat\u00e9gique pour le groupe, tant par sa position g\u00e9ographique que par l&#039;exp\u00e9rience des collaborateurs de Propack. \u00bb <\/p>","protected":false},"excerpt":{"rendered":"<p>Il y a quelques jours, l&#039;acquisition de l&#039;usine Propack d&#039;Ostellato par Alpla, l&#039;un des plus grands groupes internationaux d&#039;emballage plastique, a \u00e9t\u00e9 finalis\u00e9e. Lundi 24, la nouvelle direction se r\u00e9unira\u2026<\/p>","protected":false},"author":3,"featured_media":2521,"comment_status":"closed","ping_status":"closed","sticky":false,"template":"","format":"standard","meta":{"footnotes":""},"categories":[19,14],"tags":[],"class_list":{"0":"post-2520","1":"post","2":"type-post","3":"status-publish","4":"format-standard","5":"has-post-thumbnail","7":"category-cisl-ferrara","8":"category-femca"},"_links":{"self":[{"href":"https:\/\/www.cislferrara.it\/fr\/wp-json\/wp\/v2\/posts\/2520","targetHints":{"allow":["GET"]}}],"collection":[{"href":"https:\/\/www.cislferrara.it\/fr\/wp-json\/wp\/v2\/posts"}],"about":[{"href":"https:\/\/www.cislferrara.it\/fr\/wp-json\/wp\/v2\/types\/post"}],"author":[{"embeddable":true,"href":"https:\/\/www.cislferrara.it\/fr\/wp-json\/wp\/v2\/users\/3"}],"replies":[{"embeddable":true,"href":"https:\/\/www.cislferrara.it\/fr\/wp-json\/wp\/v2\/comments?post=2520"}],"version-history":[{"count":0,"href":"https:\/\/www.cislferrara.it\/fr\/wp-json\/wp\/v2\/posts\/2520\/revisions"}],"wp:featuredmedia":[{"embeddable":true,"href":"https:\/\/www.cislferrara.it\/fr\/wp-json\/wp\/v2\/media\/2521"}],"wp:attachment":[{"href":"https:\/\/www.cislferrara.it\/fr\/wp-json\/wp\/v2\/media?parent=2520"}],"wp:term":[{"taxonomy":"category","embeddable":true,"href":"https:\/\/www.cislferrara.it\/fr\/wp-json\/wp\/v2\/categories?post=2520"},{"taxonomy":"post_tag","embeddable":true,"href":"https:\/\/www.cislferrara.it\/fr\/wp-json\/wp\/v2\/tags?post=2520"}],"curies":[{"name":"wp","href":"https:\/\/api.w.org\/{rel}","templated":true}]}}