{"id":2492,"date":"2017-05-31T11:52:05","date_gmt":"2017-05-31T09:52:05","guid":{"rendered":"http:\/\/www.cislferrara.it\/?p=2492"},"modified":"2017-05-31T15:54:14","modified_gmt":"2017-05-31T13:54:14","slug":"soddisfazione-pensionati-cisl-per-il-mantenimento-uffici-postali-in-provincia","status":"publish","type":"post","link":"https:\/\/www.cislferrara.it\/fr\/soddisfazione-pensionati-cisl-per-il-mantenimento-uffici-postali-in-provincia\/","title":{"rendered":"SATISFACTION DES RETRAIT\u00c9S DE LA CISL POUR L&#039;ENTRETIEN DES BUREAUX DE POSTE DE LA PROVINCE"},"content":{"rendered":"<p>Secr\u00e9tariat territorial des retrait\u00e9s <strong>FNP \u2013 CISL de FERRARE<\/strong> et le <strong>syndrome des jambes sans repos<\/strong> du District <strong>OUEST<\/strong> de Ferrare, en collaboration avec l&#039;Association des b\u00e9n\u00e9voles <strong>ANTEAS de Reno Centese<\/strong>, expriment leur profonde satisfaction pour la d\u00e9cision du Conseil d&#039;\u00c9tat d&#039;\u00e9viter la fermeture de petits bureaux de poste, notamment ceux de Reno Centese, Montesanto et Masi San Giacomo.<\/p>\n<p>La satisfaction que nous exprimons, en tant qu&#039;organisation de retrait\u00e9s et de b\u00e9n\u00e9voles, est de voir les arguments qui \u00e9taient \u00e0 la base de l&#039;opposition \u00e0 la fermeture accept\u00e9s, avec la reconnaissance qu&#039;il s&#039;agit d&#039;une question<strong> d&#039;un service public essentiel<\/strong>, <span style=\"text-decoration: underline;\">surtout pour les personnes \u00e2g\u00e9es et les plus faibles.<\/span><\/p>\n<p>\u00c0 cet \u00e9gard, nous tenons \u00e0 souligner l&#039;importance de la d\u00e9cision du Conseil d&#039;\u00c9tat. Celle-ci ne saurait \u00eatre consid\u00e9r\u00e9e comme la conclusion d&#039;une action administrative majeure (dont l&#039;importance est reconnue). <strong>mais le fruit de nombreuses initiatives d\u2019opposition des citoyens, <\/strong>commenc\u00e9 il y a plus d&#039;un an<strong>, auquel FNP et ANTEAS ont \u00e9galement contribu\u00e9 de mani\u00e8re convaincue et d\u00e9cisive<\/strong> et que les Administrations Municipales ont assum\u00e9.<\/p>\n<p>Ce r\u00e9sultat devrait \u00e9galement nous faire r\u00e9fl\u00e9chir afin que <strong>\u00e9galement sur d&#039;autres services \u00e0 fonctions sociales<\/strong>, n&#039;ayant pas de port\u00e9e nationale, une grande attention et vigilance doivent \u00eatre maintenues, en essayant d&#039;\u00e9viter des choix qui ont pour seul objectif l&#039;int\u00e9r\u00eat corporatif de ceux qui fournissent le service et non celui de l&#039;utilisateur du service.<\/p>\n<p>&nbsp;<\/p>\n<p>Le Secr\u00e9taire G\u00e9n\u00e9ral Territorial<\/p>\n<p>FNP \u2013 Cisl Ferrara<\/p>\n<p>Sergio Dalbuono<\/p>\n<p>&nbsp;<\/p>\n<p>&nbsp;<\/p>\n<p>&nbsp;<\/p>\n<p>Ferrare, 31.05.2017. <\/p>","protected":false},"excerpt":{"rendered":"<p>La Segreteria Territoriale dei Pensionati FNP &#8211; CISL di FERRARA e la RLS del Distretto OVEST di Ferrara, unitamente all\u2019Associazione di volontariato ANTEAS di Reno Centese, esprimono viva soddisfazione sulla&#8230;<\/p>","protected":false},"author":3,"featured_media":1987,"comment_status":"closed","ping_status":"closed","sticky":false,"template":"","format":"standard","meta":{"footnotes":""},"categories":[19,16],"tags":[155,154,139,153],"class_list":{"0":"post-2492","1":"post","2":"type-post","3":"status-publish","4":"format-standard","5":"has-post-thumbnail","7":"category-cisl-ferrara","8":"category-fnp","9":"tag-masi-san-giacomo","10":"tag-montesanto","11":"tag-reno-centese","12":"tag-ufficio-postale"},"_links":{"self":[{"href":"https:\/\/www.cislferrara.it\/fr\/wp-json\/wp\/v2\/posts\/2492","targetHints":{"allow":["GET"]}}],"collection":[{"href":"https:\/\/www.cislferrara.it\/fr\/wp-json\/wp\/v2\/posts"}],"about":[{"href":"https:\/\/www.cislferrara.it\/fr\/wp-json\/wp\/v2\/types\/post"}],"author":[{"embeddable":true,"href":"https:\/\/www.cislferrara.it\/fr\/wp-json\/wp\/v2\/users\/3"}],"replies":[{"embeddable":true,"href":"https:\/\/www.cislferrara.it\/fr\/wp-json\/wp\/v2\/comments?post=2492"}],"version-history":[{"count":0,"href":"https:\/\/www.cislferrara.it\/fr\/wp-json\/wp\/v2\/posts\/2492\/revisions"}],"wp:featuredmedia":[{"embeddable":true,"href":"https:\/\/www.cislferrara.it\/fr\/wp-json\/wp\/v2\/media\/1987"}],"wp:attachment":[{"href":"https:\/\/www.cislferrara.it\/fr\/wp-json\/wp\/v2\/media?parent=2492"}],"wp:term":[{"taxonomy":"category","embeddable":true,"href":"https:\/\/www.cislferrara.it\/fr\/wp-json\/wp\/v2\/categories?post=2492"},{"taxonomy":"post_tag","embeddable":true,"href":"https:\/\/www.cislferrara.it\/fr\/wp-json\/wp\/v2\/tags?post=2492"}],"curies":[{"name":"wp","href":"https:\/\/api.w.org\/{rel}","templated":true}]}}