{"id":2489,"date":"2017-05-31T15:44:36","date_gmt":"2017-05-31T13:44:36","guid":{"rendered":"http:\/\/www.cislferrara.it\/?p=2489"},"modified":"2017-05-31T15:46:00","modified_gmt":"2017-05-31T13:46:00","slug":"sciopero-presidio-settore-pulizie-servizi-integrati-multiservizi","status":"publish","type":"post","link":"https:\/\/www.cislferrara.it\/fr\/sciopero-presidio-settore-pulizie-servizi-integrati-multiservizi\/","title":{"rendered":"GR\u00c8VE ET PRESIDIO DANS LE SECTEUR DU NETTOYAGE, DES SERVICES INT\u00c9GR\u00c9S ET DES MULTISERVICES"},"content":{"rendered":"<p>Le mercredi 31 mai, une gr\u00e8ve a eu lieu \u00e0 l&#039;appel de CGIL Filcams, CISL Fisascat et Uitltucs, impliquant les services de nettoyage structur\u00e9s\/int\u00e9gr\u00e9s, la restauration collective, les \u00e9tablissements publics et les agences de voyages.<\/p>\n<p>\u00ab Les travailleurs ont d\u00e9montr\u00e9 leur conscience de la n\u00e9cessit\u00e9 de former un front uni pour bousculer la convention collective \u00bb, explique Luca Benfenati, secr\u00e9taire g\u00e9n\u00e9ral de Fisascat Cisl \u00e0 Ferrare, \u00ab et cela a \u00e9t\u00e9 d\u00e9montr\u00e9 par la participation massive \u00e0 la gr\u00e8ve qui a impliqu\u00e9 les 80% employ\u00e9s de nettoyage et les 60% employ\u00e9s de la cantine de la zone. \u00bb<\/p>\n<p>Les travailleurs ont ensuite occup\u00e9 le devant de la sc\u00e8ne, de 9h \u00e0 12h, au piquet de gr\u00e8ve \u00e0 l&#039;entr\u00e9e 2 de l&#039;h\u00f4pital Cona, pour donner corps et voix \u00e0 leurs revendications.<br \/>\n\u2013 Les initiatives pour le renouvellement du contrat se poursuivent \u2013 conclut Benfenati \u2013 et ce besoin est encore plus urgent dans cette p\u00e9riode post-crise o\u00f9 les conditions de travail dans les secteurs concern\u00e9s sont de plus en plus pr\u00e9occupantes- <\/p>","protected":false},"excerpt":{"rendered":"<p>Mercoled\u00ec 31 maggio si \u00e8 svolto lo sciopero indetto da Cgil Filcams, Cisl Fisascat e Uitltucs che ha coinvolto i servizi di pulizia strutturate\/servizi integrati, della ristorazione collettiva, dei pubblici&#8230;<\/p>","protected":false},"author":3,"featured_media":2490,"comment_status":"closed","ping_status":"closed","sticky":false,"template":"","format":"standard","meta":{"footnotes":""},"categories":[19,8],"tags":[152,151,149,43,150],"class_list":{"0":"post-2489","1":"post","2":"type-post","3":"status-publish","4":"format-standard","5":"has-post-thumbnail","7":"category-cisl-ferrara","8":"category-fisascat","9":"tag-benfenati","10":"tag-multiservizi","11":"tag-pulizie","12":"tag-sciopero","13":"tag-servizi-integrati"},"_links":{"self":[{"href":"https:\/\/www.cislferrara.it\/fr\/wp-json\/wp\/v2\/posts\/2489","targetHints":{"allow":["GET"]}}],"collection":[{"href":"https:\/\/www.cislferrara.it\/fr\/wp-json\/wp\/v2\/posts"}],"about":[{"href":"https:\/\/www.cislferrara.it\/fr\/wp-json\/wp\/v2\/types\/post"}],"author":[{"embeddable":true,"href":"https:\/\/www.cislferrara.it\/fr\/wp-json\/wp\/v2\/users\/3"}],"replies":[{"embeddable":true,"href":"https:\/\/www.cislferrara.it\/fr\/wp-json\/wp\/v2\/comments?post=2489"}],"version-history":[{"count":0,"href":"https:\/\/www.cislferrara.it\/fr\/wp-json\/wp\/v2\/posts\/2489\/revisions"}],"wp:featuredmedia":[{"embeddable":true,"href":"https:\/\/www.cislferrara.it\/fr\/wp-json\/wp\/v2\/media\/2490"}],"wp:attachment":[{"href":"https:\/\/www.cislferrara.it\/fr\/wp-json\/wp\/v2\/media?parent=2489"}],"wp:term":[{"taxonomy":"category","embeddable":true,"href":"https:\/\/www.cislferrara.it\/fr\/wp-json\/wp\/v2\/categories?post=2489"},{"taxonomy":"post_tag","embeddable":true,"href":"https:\/\/www.cislferrara.it\/fr\/wp-json\/wp\/v2\/tags?post=2489"}],"curies":[{"name":"wp","href":"https:\/\/api.w.org\/{rel}","templated":true}]}}