{"id":2442,"date":"2017-04-13T11:08:17","date_gmt":"2017-04-13T09:08:17","guid":{"rendered":"http:\/\/www.cislferrara.it\/?p=2442"},"modified":"2017-04-13T11:08:17","modified_gmt":"2017-04-13T09:08:17","slug":"eni-privatizzata-cosi-marginalizziamo-litalia-nello-scenario-energetico-internazionale","status":"publish","type":"post","link":"https:\/\/www.cislferrara.it\/fr\/eni-privatizzata-cosi-marginalizziamo-litalia-nello-scenario-energetico-internazionale\/","title":{"rendered":"Eni privatis\u00e9e ? C&#039;est ainsi que nous marginalisons l&#039;Italie dans le sc\u00e9nario \u00e9nerg\u00e9tique international"},"content":{"rendered":"<p>Ces derniers jours, certains articles de journaux et programmes de t\u00e9l\u00e9vision rapportent et portent au d\u00e9bat m\u00e9diatique une s\u00e9rie d&#039;accusations contre la direction d&#039;ENI, en relation avec certaines initiatives pass\u00e9es d&#039;extraction d&#039;hydrocarbures au Nigeria et sur la base desquelles certaines hypoth\u00e8ses de crime ont \u00e9t\u00e9 formul\u00e9es.<\/p>\n<p>Sur ces questions, il convient de respecter et d\u2019attendre les enqu\u00eates de la Justice, d\u00e9j\u00e0 en cours depuis un certain temps sur l\u2019affaire nig\u00e9riane ; en ce sens, nous devons tous nous conformer aux conclusions des enqu\u00eates, sans nous pr\u00eater \u00e0 des jugements pr\u00e9ventifs et sommaires.<\/p>\n<p>Nous consid\u00e9rons cependant comme d\u00e9plac\u00e9es et absolument inacceptables les conclusions de l\u2019article de Giuliano Garavini dans le journal \u00ab Il Fatto Quotidiano \u00bb du 10 avril, o\u00f9 l\u2019on th\u00e9orise et souhaite la privatisation totale du Groupe ENI, \u00e0 la fois pour \u00e9viter l\u2019implication de la pr\u00e9sence publique dans des activit\u00e9s pr\u00e9sum\u00e9es illicites, et pour le \u00ab faible retour \u00e9conomique \u00bb du Groupe envers le pays.<\/p>\n<p>Eni est la plus grande entreprise italienne, exportatrice de professionnalisme, d&#039;innovation et de technologies dans le monde, avec une attention particuli\u00e8re au d\u00e9veloppement de certaines zones d\u00e9favoris\u00e9es ; les choix du Groupe, en termes d&#039;investissements, seront fondamentaux pour notre reprise \u00e9conomique et de l&#039;emploi tant dans les diff\u00e9rents sc\u00e9narios internationaux qu&#039;au niveau national.<\/p>\n<p>Depuis des ann\u00e9es, en tant que syndicats, nous exhortons le groupe Eni \u00e0 garantir des investissements structurels dans l&#039;\u00e9nergie et la chimie nationale, essentiels au d\u00e9veloppement durable\u00a0; nous avons invit\u00e9 ENI \u00e0 entretenir une relation constante avec les territoires et les institutions locales\u00a0; nous avons mobilis\u00e9 des milliers de travailleurs pendant deux ans pour emp\u00eacher le transfert de propri\u00e9t\u00e9 de Versalis (l&#039;entreprise chimique du groupe)\u00a0; nous avons sign\u00e9 d&#039;importants accords pour la reconversion \u00ab\u00a0verte\u00a0\u00bb des raffineries de Porto Marghera et Gela\u00a0; nous discutons des programmes d&#039;assainissement des sites industriels et du d\u00e9veloppement des \u00e9nergies renouvelables et de la production durable. Tout cela dans un cadre de relations syndicales typique du syst\u00e8me ENI, caract\u00e9ris\u00e9 pr\u00e9cis\u00e9ment par une importante pr\u00e9sence publique au capital d&#039;ENI.<\/p>\n<p>Ces choses n\u2019auraient gu\u00e8re \u00e9t\u00e9 possibles avec une entreprise ayant des structures de propri\u00e9t\u00e9 diff\u00e9rentes.<\/p>\n<p>Ces derni\u00e8res ann\u00e9es, par exemple, nous avons r\u00e9ussi la fermeture de certaines raffineries (Tamoil \u00e0 Cr\u00e9mone, Total Erg \u00e0 Rome Malagrotta, IES \u00e0 Mantoue), avec la signature d&#039;accords importants, qui nous ont permis de prot\u00e9ger les travailleurs, bien que dans une logique d\u00e9fensive.<br \/>\nLaisser l&#039;\u00c9tat hors du capital d&#039;Eni signifierait \u00e9liminer la pr\u00e9sence publique dans un secteur strat\u00e9gique pour le destin du pays, comme la production et la distribution d&#039;\u00e9nergie.<br \/>\nLa pr\u00e9sence publique est toujours garantie non seulement \u00e0 l\u2019ENI, mais aussi \u00e0 SAIPEM et \u00e0 SNAM : ce sont toutes des excellences dont l\u2019\u00c9tat ne doit pas perdre le contr\u00f4le, sous peine de marginalisation dans le sc\u00e9nario \u00e9nerg\u00e9tique national et international.<\/p>\n<p>Dans ce contexte, nous d\u00e9fendons \u00e9galement les comp\u00e9tences et la qualit\u00e9 professionnelle des travailleurs, qui constituent le principal atout de ces importantes r\u00e9alit\u00e9s corporatives.<\/p>\n<p>C&#039;est pourquoi nous ne partageons pas d&#039;\u00e9valuations h\u00e2tives et laissons la responsabilit\u00e9 d&#039;\u00e9valuer les \u00e9ventuelles erreurs ou d\u00e9lits aux institutions comp\u00e9tentes.<\/p>\n<p>Le pays ne peut renoncer au r\u00f4le d&#039;Eni, tant en Italie que sur la sc\u00e8ne internationale. Nous avons encore de nombreuses ann\u00e9es devant nous pour utiliser les combustibles fossiles dans la transition vers l&#039;autonomie en mati\u00e8re d&#039;\u00e9nergies renouvelables, et cette transition devra \u00eatre men\u00e9e avec des entit\u00e9s industrielles fortes et structur\u00e9es, et avec une pr\u00e9sence publique toujours d\u00e9cisive.<\/p>\n<p>&nbsp;<\/p>\n<p>&nbsp;<\/p>\n<p>Rome, le 12 avril 2016<\/p>\n<p>Le Secr\u00e9taire G\u00e9n\u00e9ral Femca Cisl<\/p>\n<p>Ange Colombini<\/p>\n<p>&nbsp; <\/p>","protected":false},"excerpt":{"rendered":"<p>Ces derniers jours, certains articles de presse et \u00e9missions de t\u00e9l\u00e9vision rapportent et ram\u00e8nent dans le d\u00e9bat m\u00e9diatique une s\u00e9rie d\u2019accusations contre la direction de l\u2019ENI, en relation avec\u2026<\/p>","protected":false},"author":3,"featured_media":2032,"comment_status":"closed","ping_status":"closed","sticky":false,"template":"","format":"standard","meta":{"footnotes":""},"categories":[19,14],"tags":[],"class_list":{"0":"post-2442","1":"post","2":"type-post","3":"status-publish","4":"format-standard","5":"has-post-thumbnail","7":"category-cisl-ferrara","8":"category-femca"},"_links":{"self":[{"href":"https:\/\/www.cislferrara.it\/fr\/wp-json\/wp\/v2\/posts\/2442","targetHints":{"allow":["GET"]}}],"collection":[{"href":"https:\/\/www.cislferrara.it\/fr\/wp-json\/wp\/v2\/posts"}],"about":[{"href":"https:\/\/www.cislferrara.it\/fr\/wp-json\/wp\/v2\/types\/post"}],"author":[{"embeddable":true,"href":"https:\/\/www.cislferrara.it\/fr\/wp-json\/wp\/v2\/users\/3"}],"replies":[{"embeddable":true,"href":"https:\/\/www.cislferrara.it\/fr\/wp-json\/wp\/v2\/comments?post=2442"}],"version-history":[{"count":0,"href":"https:\/\/www.cislferrara.it\/fr\/wp-json\/wp\/v2\/posts\/2442\/revisions"}],"wp:featuredmedia":[{"embeddable":true,"href":"https:\/\/www.cislferrara.it\/fr\/wp-json\/wp\/v2\/media\/2032"}],"wp:attachment":[{"href":"https:\/\/www.cislferrara.it\/fr\/wp-json\/wp\/v2\/media?parent=2442"}],"wp:term":[{"taxonomy":"category","embeddable":true,"href":"https:\/\/www.cislferrara.it\/fr\/wp-json\/wp\/v2\/categories?post=2442"},{"taxonomy":"post_tag","embeddable":true,"href":"https:\/\/www.cislferrara.it\/fr\/wp-json\/wp\/v2\/tags?post=2442"}],"curies":[{"name":"wp","href":"https:\/\/api.w.org\/{rel}","templated":true}]}}