{"id":2415,"date":"2017-03-22T11:39:47","date_gmt":"2017-03-22T10:39:47","guid":{"rendered":"http:\/\/www.cislferrara.it\/?p=2415"},"modified":"2017-03-22T11:39:47","modified_gmt":"2017-03-22T10:39:47","slug":"x-congresso-unione-sindacale-territoriale-ferrara","status":"publish","type":"post","link":"https:\/\/www.cislferrara.it\/fr\/x-congresso-unione-sindacale-territoriale-ferrara\/","title":{"rendered":"10e CONGR\u00c8S DE L&#039;UNION TERRITORIALE DES SYNDICATS DE FERRARE"},"content":{"rendered":"<p>Appuntamento gioved\u00ec 30 e venerd\u00ec 31 marzo presso l&#8217;Hotel Villa Regina per il X Congresso dell&#8217;Unione Sindacale Territoriale di Ferrara.<br \/>\n&#8220;Insieme, per il Bene Comune&#8221; \u00e8 lo slogan scelto per il X Congresso Ust di Ferrara.<br \/>\nSi tratta di un appuntamento importante e di alta democrazia della Ns. organizzazione che vede il rinnovo del Consiglio Generale e della Segreteria.<br \/>\nSi innesta nell&#8217;ambito del percorso quadriennale di rinnovo di tutti gli organismi federali e confederali che termir\u00e0 col Congresso Confederale Nazionale che si terr\u00e0 a Roma dal 28 giugno al 1 luglio.<\/p>\n<p>Plan:<\/p>\n<p>GIOVED\u00ec 30 MARZO<br \/>\nOre 14,30<br \/>\n&#8211; apertura lavori<br \/>\n&#8211; adempimenti statutari<br \/>\n-elezione commissioni<br \/>\n-relazione<\/p>\n<p>VENERD\u00ec 31 MARZO<br \/>\nOre 9,30<br \/>\n&#8211; Comunicazioni Segreteria<br \/>\n&#8211; Apertura dibattito<br \/>\n&#8211; Pausa pranzo<\/p>\n<p>Ore 14,30<br \/>\n&#8211; Ripresa dibattito<br \/>\n&#8211; Conclusioni del Segretario Generale Regionale Giorgio GRAZIANI<br \/>\n&#8211; Approvazione documenti conclusivi<br \/>\n&#8211; Elezione organismi<\/p>\n<p>A seguire convocazione del Consiglio Generale per:<br \/>\n&#8211; Elezione del Segretario Generale<br \/>\n&#8211; Elezione della Segreteria <\/p>","protected":false},"excerpt":{"rendered":"<p>Appuntamento gioved\u00ec 30 e venerd\u00ec 31 marzo presso l&#8217;Hotel Villa Regina per il X Congresso dell&#8217;Unione Sindacale Territoriale di Ferrara. &#8220;Insieme, per il Bene Comune&#8221; \u00e8 lo slogan scelto per&#8230;<\/p>","protected":false},"author":3,"featured_media":2416,"comment_status":"closed","ping_status":"closed","sticky":false,"template":"","format":"standard","meta":{"footnotes":""},"categories":[1],"tags":[],"class_list":{"0":"post-2415","1":"post","2":"type-post","3":"status-publish","4":"format-standard","5":"has-post-thumbnail","7":"category-area-stampa"},"_links":{"self":[{"href":"https:\/\/www.cislferrara.it\/fr\/wp-json\/wp\/v2\/posts\/2415","targetHints":{"allow":["GET"]}}],"collection":[{"href":"https:\/\/www.cislferrara.it\/fr\/wp-json\/wp\/v2\/posts"}],"about":[{"href":"https:\/\/www.cislferrara.it\/fr\/wp-json\/wp\/v2\/types\/post"}],"author":[{"embeddable":true,"href":"https:\/\/www.cislferrara.it\/fr\/wp-json\/wp\/v2\/users\/3"}],"replies":[{"embeddable":true,"href":"https:\/\/www.cislferrara.it\/fr\/wp-json\/wp\/v2\/comments?post=2415"}],"version-history":[{"count":0,"href":"https:\/\/www.cislferrara.it\/fr\/wp-json\/wp\/v2\/posts\/2415\/revisions"}],"wp:featuredmedia":[{"embeddable":true,"href":"https:\/\/www.cislferrara.it\/fr\/wp-json\/wp\/v2\/media\/2416"}],"wp:attachment":[{"href":"https:\/\/www.cislferrara.it\/fr\/wp-json\/wp\/v2\/media?parent=2415"}],"wp:term":[{"taxonomy":"category","embeddable":true,"href":"https:\/\/www.cislferrara.it\/fr\/wp-json\/wp\/v2\/categories?post=2415"},{"taxonomy":"post_tag","embeddable":true,"href":"https:\/\/www.cislferrara.it\/fr\/wp-json\/wp\/v2\/tags?post=2415"}],"curies":[{"name":"wp","href":"https:\/\/api.w.org\/{rel}","templated":true}]}}