{"id":2406,"date":"2017-03-11T11:51:50","date_gmt":"2017-03-11T10:51:50","guid":{"rendered":"http:\/\/www.cislferrara.it\/?p=2406"},"modified":"2017-03-13T11:35:18","modified_gmt":"2017-03-13T10:35:18","slug":"congresso-federazione-pensionati-cisl","status":"publish","type":"post","link":"https:\/\/www.cislferrara.it\/fr\/congresso-federazione-pensionati-cisl\/","title":{"rendered":"CONGR\u00c8S DE LA F\u00c9D\u00c9RATION DES RETRAIT\u00c9S DE LA CISL"},"content":{"rendered":"<p>Le congr\u00e8s de la F\u00e9d\u00e9ration des retrait\u00e9s CISL de Ferrare, qui s&#039;est tenu \u00e0 l&#039;h\u00f4tel Villa Regina, a vu la reconduction int\u00e9grale du secr\u00e9tariat territorial, compos\u00e9 du secr\u00e9taire Sergio Dalbuono et des deux membres du secr\u00e9tariat, Perinati Medardo et Prestia Rosaria.<\/p>\n<p>Au cours de cette conf\u00e9rence de deux jours, sont intervenus Patrizia Volponi, secr\u00e9taire nationale de la FNP-CISL, Loris Cavalletti, secr\u00e9taire g\u00e9n\u00e9ral r\u00e9gional de la F\u00e9d\u00e9ration, Paolo Baiamonte, secr\u00e9taire g\u00e9n\u00e9ral de la Conf\u00e9d\u00e9ration territoriale, et Chiara Sapigni, conseill\u00e8re municipale charg\u00e9e de la sant\u00e9, des services personnels et des politiques familiales de la municipalit\u00e9 de Ferrare.<\/p>\n<p>Au c\u0153ur du d\u00e9bat se trouve l&#039;accord entre le gouvernement et les syndicats sur les retraites, la sant\u00e9, l&#039;immigration, l&#039;organisation interne, etc.<\/p>\n<p>Parmi les moments les plus marquants, on peut citer la projection de la vid\u00e9o, pr\u00e9sent\u00e9e par le FNP \u2013 CISL R\u00e9gional, sur la visite effectu\u00e9e en mai dernier au camp de concentration de Dachau, et la remise, par le Secr\u00e9taire national, d&#039;une plaque \u00e0 Giuseppe Patuzzi et Rosanna Sangiorgi, membres du CISL respectivement depuis 1955 et 1973, ainsi que la remise de plusieurs certificats \u00e0 des membres centenaires, dont Mme Augusta Barbieri, qui en a \u00e9galement re\u00e7u un des mains du maire de Poggio Renatico, Daniele Garuti. <\/p>","protected":false},"excerpt":{"rendered":"<p>Il Congresso della Federazione Pensionati Cisl di Ferrara, tenutosi presso l\u2019hotel Villa Regina ha visto l\u2019integrale riconferma della Segreteria Territoriale composta dal Segretario Sergio Dalbuono e dai due componenti della&#8230;<\/p>","protected":false},"author":3,"featured_media":2411,"comment_status":"closed","ping_status":"closed","sticky":false,"template":"","format":"standard","meta":{"footnotes":""},"categories":[19,16],"tags":[],"class_list":{"0":"post-2406","1":"post","2":"type-post","3":"status-publish","4":"format-standard","5":"has-post-thumbnail","7":"category-cisl-ferrara","8":"category-fnp"},"_links":{"self":[{"href":"https:\/\/www.cislferrara.it\/fr\/wp-json\/wp\/v2\/posts\/2406","targetHints":{"allow":["GET"]}}],"collection":[{"href":"https:\/\/www.cislferrara.it\/fr\/wp-json\/wp\/v2\/posts"}],"about":[{"href":"https:\/\/www.cislferrara.it\/fr\/wp-json\/wp\/v2\/types\/post"}],"author":[{"embeddable":true,"href":"https:\/\/www.cislferrara.it\/fr\/wp-json\/wp\/v2\/users\/3"}],"replies":[{"embeddable":true,"href":"https:\/\/www.cislferrara.it\/fr\/wp-json\/wp\/v2\/comments?post=2406"}],"version-history":[{"count":0,"href":"https:\/\/www.cislferrara.it\/fr\/wp-json\/wp\/v2\/posts\/2406\/revisions"}],"wp:featuredmedia":[{"embeddable":true,"href":"https:\/\/www.cislferrara.it\/fr\/wp-json\/wp\/v2\/media\/2411"}],"wp:attachment":[{"href":"https:\/\/www.cislferrara.it\/fr\/wp-json\/wp\/v2\/media?parent=2406"}],"wp:term":[{"taxonomy":"category","embeddable":true,"href":"https:\/\/www.cislferrara.it\/fr\/wp-json\/wp\/v2\/categories?post=2406"},{"taxonomy":"post_tag","embeddable":true,"href":"https:\/\/www.cislferrara.it\/fr\/wp-json\/wp\/v2\/tags?post=2406"}],"curies":[{"name":"wp","href":"https:\/\/api.w.org\/{rel}","templated":true}]}}