{"id":2402,"date":"2017-03-09T17:21:29","date_gmt":"2017-03-09T16:21:29","guid":{"rendered":"http:\/\/www.cislferrara.it\/?p=2402"},"modified":"2017-03-09T17:21:29","modified_gmt":"2017-03-09T16:21:29","slug":"luigi-baiano-nuovo-segretario-femca-cisl-ferrara","status":"publish","type":"post","link":"https:\/\/www.cislferrara.it\/fr\/luigi-baiano-nuovo-segretario-femca-cisl-ferrara\/","title":{"rendered":"LUIGI BAIANO NOUVEAU SECR\u00c9TAIRE DE LA FEMCA CISL FERRARA"},"content":{"rendered":"<p>La Femca Ferrara \u2013 F\u00e9d\u00e9ration de l&#039;\u00e9nergie, de la mode et de la chimie \u2013 a tenu son congr\u00e8s le mercredi 8 mars \u00e0 l&#039;h\u00f4tel Lucrezia Borgia. \u00c9taient pr\u00e9sents les secr\u00e9taires nationaux Angelo Colombini et Antonello Assogna.<\/p>\n<p>Le secr\u00e9taire g\u00e9n\u00e9ral national Angelo Colombini pr\u00e9sente les orientations de la Femca, qui mettent l&#039;accent sur le d\u00e9veloppement durable pour les personnes et l&#039;environnement.<br \/>\nAngelo Colombini rapporte que certains secteurs de la Femca ont \u00e9t\u00e9 parmi les premiers \u00e0 exp\u00e9rimenter l\u2019automatisation et s\u2019il est vrai qu\u2019il est raisonnable que les travailleurs mettent \u00e0 jour leurs connaissances et leurs comp\u00e9tences pour \u00eatre employables, il est \u00e9galement vrai que le progr\u00e8s scientifique ne peut pas conduire \u00e0 une r\u00e9gression sociale mais doit tenir compte du respect des personnes et de l\u2019environnement.<\/p>\n<p>\u00ab L&#039;industrie chimique ne peut ignorer sa responsabilit\u00e9 envers l&#039;environnement \u00bb, poursuit Colombini, \u00ab et ce serait une grave erreur pour le syndicat de croire qu&#039;il n&#039;est pas impliqu\u00e9 dans ce travail d&#039;\u00e9puration de notre industrie. \u00bb<\/p>\n<p>Une analyse compl\u00e8te de la situation locale a ensuite \u00e9t\u00e9 fournie, qui englobe un paysage diversifi\u00e9, des petites et moyennes entreprises aux grandes multinationales.<br \/>\nDe nombreuses entreprises ont \u00e9t\u00e9 \u00e9voqu\u00e9es : Versalis, Yara, Ceramiche Sant&#039;Agostino, General Cavi pour ne citer que les plus grandes.<br \/>\nPour reconna\u00eetre l&#039;excellent travail r\u00e9alis\u00e9 dans les r\u00e9gions d&#039;Argentine et de Ferrara, le Congr\u00e8s a \u00e9lu Luigi Baiano comme Secr\u00e9taire G\u00e9n\u00e9ral de la Femca Ferrara et le nouveau Secr\u00e9tariat avec Maria Pia Barca et Manuel Benini.<br \/>\nBaiano se d\u00e9clare donc pr\u00eat \u00e0 collaborer avec la F\u00e9d\u00e9ration nationale et les institutions pour faire progresser les politiques de durabilit\u00e9 sociale, \u00e9conomique et environnementale de la Femca, car les succ\u00e8s naissent d&#039;un travail synergique. Il rappelle l&#039;\u00e9chec des n\u00e9gociations d&#039;Eni pour la vente de Versalis, suite \u00e0 la mobilisation nationale des travailleurs, \u00e0 laquelle le secr\u00e9taire g\u00e9n\u00e9ral national Colombini a particip\u00e9 directement dans la r\u00e9gion de Ferrare.<\/p>\n<p>La Femca se renouvelle donc sur le territoire pour \u00eatre plus pr\u00e9sente et plus repr\u00e9sentative <\/p>","protected":false},"excerpt":{"rendered":"<p>La Femca Ferrara \u2013 F\u00e9d\u00e9ration de l&#039;\u00e9nergie, de la mode et de la chimie \u2013 s&#039;est r\u00e9unie pour sa conf\u00e9rence le mercredi 8 mars \u00e0 l&#039;h\u00f4tel Lucrezia Borgia. Le secr\u00e9taire national Angelo Colombini et\u2026<\/p>","protected":false},"author":3,"featured_media":2403,"comment_status":"closed","ping_status":"closed","sticky":false,"template":"","format":"standard","meta":{"footnotes":""},"categories":[19,14],"tags":[108],"class_list":{"0":"post-2402","1":"post","2":"type-post","3":"status-publish","4":"format-standard","5":"has-post-thumbnail","7":"category-cisl-ferrara","8":"category-femca","9":"tag-femca"},"_links":{"self":[{"href":"https:\/\/www.cislferrara.it\/fr\/wp-json\/wp\/v2\/posts\/2402","targetHints":{"allow":["GET"]}}],"collection":[{"href":"https:\/\/www.cislferrara.it\/fr\/wp-json\/wp\/v2\/posts"}],"about":[{"href":"https:\/\/www.cislferrara.it\/fr\/wp-json\/wp\/v2\/types\/post"}],"author":[{"embeddable":true,"href":"https:\/\/www.cislferrara.it\/fr\/wp-json\/wp\/v2\/users\/3"}],"replies":[{"embeddable":true,"href":"https:\/\/www.cislferrara.it\/fr\/wp-json\/wp\/v2\/comments?post=2402"}],"version-history":[{"count":0,"href":"https:\/\/www.cislferrara.it\/fr\/wp-json\/wp\/v2\/posts\/2402\/revisions"}],"wp:featuredmedia":[{"embeddable":true,"href":"https:\/\/www.cislferrara.it\/fr\/wp-json\/wp\/v2\/media\/2403"}],"wp:attachment":[{"href":"https:\/\/www.cislferrara.it\/fr\/wp-json\/wp\/v2\/media?parent=2402"}],"wp:term":[{"taxonomy":"category","embeddable":true,"href":"https:\/\/www.cislferrara.it\/fr\/wp-json\/wp\/v2\/categories?post=2402"},{"taxonomy":"post_tag","embeddable":true,"href":"https:\/\/www.cislferrara.it\/fr\/wp-json\/wp\/v2\/tags?post=2402"}],"curies":[{"name":"wp","href":"https:\/\/api.w.org\/{rel}","templated":true}]}}