{"id":2391,"date":"2017-03-06T18:22:02","date_gmt":"2017-03-06T17:22:02","guid":{"rendered":"http:\/\/www.cislferrara.it\/?p=2391"},"modified":"2017-03-07T15:53:34","modified_gmt":"2017-03-07T14:53:34","slug":"congresso-fai-cisl-ferrara","status":"publish","type":"post","link":"https:\/\/www.cislferrara.it\/fr\/congresso-fai-cisl-ferrara\/","title":{"rendered":"Congr\u00e8s Fai Cisl de Ferrare"},"content":{"rendered":"<p>Lors de son congr\u00e8s du 6 mars, la F\u00e9d\u00e9ration agricole, alimentaire et industrielle de Ferrare a confirm\u00e9 son secr\u00e9tariat et fix\u00e9 ses objectifs pour les quatre prochaines ann\u00e9es. Le d\u00e9bat a port\u00e9 sur le syst\u00e8me de gestion collective, les bons d&#039;achat et les perspectives du secteur agroalimentaire dans la province de Ferrare. Bonne chance\u00a0! <\/p>","protected":false},"excerpt":{"rendered":"<p>Lors de son congr\u00e8s du 6 mars, la F\u00e9d\u00e9ration agricole, alimentaire et industrielle de Ferrare a reconduit son secr\u00e9tariat et fix\u00e9 ses objectifs pour les quatre prochaines ann\u00e9es. Au c\u0153ur du d\u00e9bat\u2026<\/p>","protected":false},"author":3,"featured_media":2392,"comment_status":"closed","ping_status":"closed","sticky":false,"template":"","format":"standard","meta":{"footnotes":""},"categories":[19,15],"tags":[],"class_list":{"0":"post-2391","1":"post","2":"type-post","3":"status-publish","4":"format-standard","5":"has-post-thumbnail","7":"category-cisl-ferrara","8":"category-fai"},"_links":{"self":[{"href":"https:\/\/www.cislferrara.it\/fr\/wp-json\/wp\/v2\/posts\/2391","targetHints":{"allow":["GET"]}}],"collection":[{"href":"https:\/\/www.cislferrara.it\/fr\/wp-json\/wp\/v2\/posts"}],"about":[{"href":"https:\/\/www.cislferrara.it\/fr\/wp-json\/wp\/v2\/types\/post"}],"author":[{"embeddable":true,"href":"https:\/\/www.cislferrara.it\/fr\/wp-json\/wp\/v2\/users\/3"}],"replies":[{"embeddable":true,"href":"https:\/\/www.cislferrara.it\/fr\/wp-json\/wp\/v2\/comments?post=2391"}],"version-history":[{"count":0,"href":"https:\/\/www.cislferrara.it\/fr\/wp-json\/wp\/v2\/posts\/2391\/revisions"}],"wp:featuredmedia":[{"embeddable":true,"href":"https:\/\/www.cislferrara.it\/fr\/wp-json\/wp\/v2\/media\/2392"}],"wp:attachment":[{"href":"https:\/\/www.cislferrara.it\/fr\/wp-json\/wp\/v2\/media?parent=2391"}],"wp:term":[{"taxonomy":"category","embeddable":true,"href":"https:\/\/www.cislferrara.it\/fr\/wp-json\/wp\/v2\/categories?post=2391"},{"taxonomy":"post_tag","embeddable":true,"href":"https:\/\/www.cislferrara.it\/fr\/wp-json\/wp\/v2\/tags?post=2391"}],"curies":[{"name":"wp","href":"https:\/\/api.w.org\/{rel}","templated":true}]}}