{"id":2328,"date":"2016-11-25T11:51:01","date_gmt":"2016-11-25T10:51:01","guid":{"rendered":"http:\/\/www.cislferrara.it\/?p=2328"},"modified":"2016-11-25T12:18:14","modified_gmt":"2016-11-25T11:18:14","slug":"addettie-assistenza-fiscale","status":"publish","type":"post","link":"https:\/\/www.cislferrara.it\/fr\/addettie-assistenza-fiscale\/","title":{"rendered":"Agents d&#039;assistance fiscale"},"content":{"rendered":"<p><strong>GI GROUP SPA s\u00e9lectionne <\/strong><\/p>\n<p style=\"text-align: center;\"><strong>pour la CAF CISL de Ferrare<\/strong><\/p>\n<p style=\"text-align: center;\">\u2013 sous r\u00e9serve d\u2019une formation qui aura lieu en JANVIER 2017 \u2013<\/p>\n<p><span style=\"text-decoration: underline;\">\u00ab<strong>Employ\u00e9s<\/strong> <strong>Assistance fiscale et d\u00e9claration de revenus 730<\/strong>&quot;<\/span><\/p>\n<p>&nbsp;<\/p>\n<p>Exigences:<\/p>\n<p>&nbsp;<\/p>\n<ul>\n<li>Dipl\u00f4me ou licence en \u00e9conomie, en droit ou en sciences humaines<\/li>\n<li>Exp\u00e9rience ant\u00e9rieure, m\u00eame minime, dans des r\u00f4les administratifs<\/li>\n<li>Disponibilit\u00e9 pour des horaires de travail flexibles<\/li>\n<li>Disponibilit\u00e9 \u00e0 se d\u00e9placer vers d&#039;autres lieux de travail dans la province de Ferrare<\/li>\n<li>Bonne connaissance de l&#039;utilisation du PC et du package Office<\/li>\n<li>Capacit\u00e9 \u00e0 travailler en \u00e9quipe et \u00e0 interagir avec le public<\/li>\n<\/ul>\n<p>&nbsp;<\/p>\n<p>Lieu de travail : Ferrare et province<\/p>\n<p>Les personnes int\u00e9ress\u00e9es doivent envoyer un CV au format PDF avec une photo<\/p>\n<p>&nbsp;<\/p>\n<p><strong><em>Cette offre d&#039;emploi s&#039;adresse aux hommes et aux femmes, conform\u00e9ment au d\u00e9cret l\u00e9gislatif 198\/2006. Les candidats sont invit\u00e9s \u00e0 consulter la politique de confidentialit\u00e9 (d\u00e9cret l\u00e9gislatif 196\/2003) disponible sur le site web. <a href=\"http:\/\/www.gigroup.it\"><span style=\"text-decoration: underline;\">www.gigroup.it<\/span><\/a><\/em><\/strong> <strong><em>et envoyez votre CV \u00e0 l&#039;adresse email <span style=\"text-decoration: underline;\"><a href=\"mailto:ferrara.giovecca@gigroup.com\">ferrara.giovecca@gigroup.com<\/a><\/span><\/em><\/strong><\/p>\n<p>&nbsp;<\/p>\n<p>&nbsp; <\/p>","protected":false},"excerpt":{"rendered":"<p>GI GROUP SPA recherche des postes d&#039;\u00ab\u00a0Assistant fiscal et agent de d\u00e9claration de revenus\u00a0\u00bb pour le CAF CISL de Ferrare, sous r\u00e9serve d&#039;une formation pr\u00e9vue en janvier\u00a02017. Qualifications requises\u00a0:\u2026<\/p>","protected":false},"author":3,"featured_media":2329,"comment_status":"closed","ping_status":"closed","sticky":false,"template":"","format":"standard","meta":{"footnotes":""},"categories":[24,128],"tags":[],"class_list":{"0":"post-2328","1":"post","2":"type-post","3":"status-publish","4":"format-standard","5":"has-post-thumbnail","7":"category-avvisi","8":"category-caf-cisl"},"_links":{"self":[{"href":"https:\/\/www.cislferrara.it\/fr\/wp-json\/wp\/v2\/posts\/2328","targetHints":{"allow":["GET"]}}],"collection":[{"href":"https:\/\/www.cislferrara.it\/fr\/wp-json\/wp\/v2\/posts"}],"about":[{"href":"https:\/\/www.cislferrara.it\/fr\/wp-json\/wp\/v2\/types\/post"}],"author":[{"embeddable":true,"href":"https:\/\/www.cislferrara.it\/fr\/wp-json\/wp\/v2\/users\/3"}],"replies":[{"embeddable":true,"href":"https:\/\/www.cislferrara.it\/fr\/wp-json\/wp\/v2\/comments?post=2328"}],"version-history":[{"count":0,"href":"https:\/\/www.cislferrara.it\/fr\/wp-json\/wp\/v2\/posts\/2328\/revisions"}],"wp:featuredmedia":[{"embeddable":true,"href":"https:\/\/www.cislferrara.it\/fr\/wp-json\/wp\/v2\/media\/2329"}],"wp:attachment":[{"href":"https:\/\/www.cislferrara.it\/fr\/wp-json\/wp\/v2\/media?parent=2328"}],"wp:term":[{"taxonomy":"category","embeddable":true,"href":"https:\/\/www.cislferrara.it\/fr\/wp-json\/wp\/v2\/categories?post=2328"},{"taxonomy":"post_tag","embeddable":true,"href":"https:\/\/www.cislferrara.it\/fr\/wp-json\/wp\/v2\/tags?post=2328"}],"curies":[{"name":"wp","href":"https:\/\/api.w.org\/{rel}","templated":true}]}}