{"id":2323,"date":"2016-11-22T12:23:51","date_gmt":"2016-11-22T11:23:51","guid":{"rendered":"http:\/\/www.cislferrara.it\/?p=2323"},"modified":"2016-11-22T12:23:51","modified_gmt":"2016-11-22T11:23:51","slug":"fnp-una-roulotte-per-norcia","status":"publish","type":"post","link":"https:\/\/www.cislferrara.it\/fr\/fnp-una-roulotte-per-norcia\/","title":{"rendered":"FNP : une caravane pour Norcia"},"content":{"rendered":"<p>Le samedi 19 novembre, la Fnp \u2013 Cisl de Ferrare a r\u00e9ussi \u00e0 r\u00e9pondre \u00e0 une demande des amis de la Fnp \u2013 Cisl des Marches qui avaient besoin d\u2019une caravane \u00e0 placer \u00e0 Norcia.<br \/>\nLa caravane a \u00e9t\u00e9 remise aux amis des Marches par le secr\u00e9taire g\u00e9n\u00e9ral r\u00e9gional du Fnp \u2013 Cisl \u00c9milie \u2013 Romagne, Loris Cavalletti<\/p>\n<p>&nbsp;<\/p>\n<p><a href=\"http:\/\/www.cislferrara.it\/wp-content\/uploads\/2016\/11\/loris.jpg\"><img loading=\"lazy\" decoding=\"async\" class=\"alignnone size-medium wp-image-2325\" src=\"http:\/\/www.cislferrara.it\/wp-content\/uploads\/2016\/11\/loris-300x225.jpg\" alt=\"loris\" width=\"300\" height=\"225\" srcset=\"https:\/\/www.cislferrara.it\/wp-content\/uploads\/2016\/11\/loris-300x225.jpg 300w, https:\/\/www.cislferrara.it\/wp-content\/uploads\/2016\/11\/loris.jpg 852w\" sizes=\"auto, (max-width: 300px) 100vw, 300px\" \/><\/a><a href=\"http:\/\/www.cislferrara.it\/wp-content\/uploads\/2016\/11\/sergio.jpg\"><img loading=\"lazy\" decoding=\"async\" class=\"alignnone size-medium wp-image-2326\" src=\"http:\/\/www.cislferrara.it\/wp-content\/uploads\/2016\/11\/sergio-300x225.jpg\" alt=\"sergio\" width=\"300\" height=\"225\" srcset=\"https:\/\/www.cislferrara.it\/wp-content\/uploads\/2016\/11\/sergio-300x225.jpg 300w, https:\/\/www.cislferrara.it\/wp-content\/uploads\/2016\/11\/sergio.jpg 852w\" sizes=\"auto, (max-width: 300px) 100vw, 300px\" \/><\/a> <\/p>","protected":false},"excerpt":{"rendered":"<p>Le samedi 19 novembre, la Fnp \u2013 Cisl de Ferrare a r\u00e9ussi \u00e0 r\u00e9pondre \u00e0 une demande des amis de la Fnp \u2013 Cisl des Marches qui avaient besoin d\u2019une caravane pour\u2026<\/p>","protected":false},"author":3,"featured_media":2324,"comment_status":"closed","ping_status":"closed","sticky":false,"template":"","format":"standard","meta":{"footnotes":""},"categories":[19,16],"tags":[147],"class_list":{"0":"post-2323","1":"post","2":"type-post","3":"status-publish","4":"format-standard","5":"has-post-thumbnail","7":"category-cisl-ferrara","8":"category-fnp","9":"tag-norcia"},"_links":{"self":[{"href":"https:\/\/www.cislferrara.it\/fr\/wp-json\/wp\/v2\/posts\/2323","targetHints":{"allow":["GET"]}}],"collection":[{"href":"https:\/\/www.cislferrara.it\/fr\/wp-json\/wp\/v2\/posts"}],"about":[{"href":"https:\/\/www.cislferrara.it\/fr\/wp-json\/wp\/v2\/types\/post"}],"author":[{"embeddable":true,"href":"https:\/\/www.cislferrara.it\/fr\/wp-json\/wp\/v2\/users\/3"}],"replies":[{"embeddable":true,"href":"https:\/\/www.cislferrara.it\/fr\/wp-json\/wp\/v2\/comments?post=2323"}],"version-history":[{"count":0,"href":"https:\/\/www.cislferrara.it\/fr\/wp-json\/wp\/v2\/posts\/2323\/revisions"}],"wp:featuredmedia":[{"embeddable":true,"href":"https:\/\/www.cislferrara.it\/fr\/wp-json\/wp\/v2\/media\/2324"}],"wp:attachment":[{"href":"https:\/\/www.cislferrara.it\/fr\/wp-json\/wp\/v2\/media?parent=2323"}],"wp:term":[{"taxonomy":"category","embeddable":true,"href":"https:\/\/www.cislferrara.it\/fr\/wp-json\/wp\/v2\/categories?post=2323"},{"taxonomy":"post_tag","embeddable":true,"href":"https:\/\/www.cislferrara.it\/fr\/wp-json\/wp\/v2\/tags?post=2323"}],"curies":[{"name":"wp","href":"https:\/\/api.w.org\/{rel}","templated":true}]}}