{"id":2317,"date":"2016-11-10T09:47:50","date_gmt":"2016-11-10T08:47:50","guid":{"rendered":"http:\/\/www.cislferrara.it\/?p=2317"},"modified":"2016-11-10T15:45:50","modified_gmt":"2016-11-10T14:45:50","slug":"consiglio-generale-della-fnp-pensionati-ferrara","status":"publish","type":"post","link":"https:\/\/www.cislferrara.it\/fr\/consiglio-generale-della-fnp-pensionati-ferrara\/","title":{"rendered":"Conseil g\u00e9n\u00e9ral du FNP (retrait\u00e9s) Ferrare"},"content":{"rendered":"<p>Tr\u00e8s cher,<br \/>\nVoici le point de l&#039;ordre du jour, approuv\u00e9 par le Conseil g\u00e9n\u00e9ral de la FNP-CISL de Ferrare le 9 novembre 2020, en soutien au conflit contre la fermeture indiscrimin\u00e9e de certains bureaux de poste.<br \/>\nNous restons proches de la cat\u00e9gorie Postale.<br \/>\nBonne journ\u00e9e.<br \/>\nSalutations fraternelles.<br \/>\nSergio Dal Buono<\/p>\n<p>&nbsp;<\/p>\n<p>Le Conseil g\u00e9n\u00e9ral de la Fnp-Cisl de Ferrare, r\u00e9uni le 9 novembre 2016,<\/p>\n<p><strong>\u2013 vues<\/strong> les initiatives prises il y a quelque temps par la Fnp-Cisl de Cento et Anteas de Reno Centese, avec l&#039;envoi de deux lettres ouvertes aux institutions, tendant \u00e0 reporter l&#039;hypoth\u00e8se de la fermeture du bureau de poste de Reno Centese ;<\/p>\n<p><strong>- not\u00e9<\/strong> que la fermeture des petits bureaux de poste de la province affecte \u00e9galement les communes de Masi Torello et de Voghiera ;<\/p>\n<p><strong>- consid\u00e9r\u00e9<\/strong> que les communes susmentionn\u00e9es ont d\u00e9pos\u00e9, apr\u00e8s les rejets du TAR, un recours aupr\u00e8s du Conseil d&#039;\u00c9tat pour le maintien d&#039;un service public, et que plusieurs communes des provinces \u00e9miliennes telles que Bologne, Forl\u00ec et Plaisance ont \u00e9galement agi dans le m\u00eame sens, de m\u00eame que de nombreuses communes ext\u00e9rieures \u00e0 la r\u00e9gion ;<\/p>\n<p><strong>\u2013 constat\u00e9<\/strong> que la d\u00e9cision de Poste Italiane de fermer les petits bureaux d\u00e9coule de la politique de l&#039;entreprise, sans tenir compte des inconv\u00e9nients caus\u00e9s aux retrait\u00e9s et aux personnes \u00e2g\u00e9es, malgr\u00e9 la pr\u00e9sence de financements publics ;<\/p>\n<p><strong>\u2013 a r\u00e9it\u00e9r\u00e9 la n\u00e9cessit\u00e9, <\/strong>Comme l&#039;a exprim\u00e9 Sergio Dalbuono, secr\u00e9taire territorial de Ferrare du FNP \u2013 CISL, dans un communiqu\u00e9 de presse du 6 septembre 2017, cette question ne peut pas \u00eatre invoqu\u00e9e uniquement par le Conseil d&#039;\u00c9tat, qui rendra une d\u00e9cision d\u00e9but 2017, mais exige plut\u00f4t que POSTE ITALIANE abandonne ce plan d&#039;entreprise pour \u00e9viter de graves cons\u00e9quences sociales pour les plus vuln\u00e9rables.<\/p>\n<p><strong>r\u00e9it\u00e9rant<\/strong> qu&#039;il est n\u00e9cessaire d&#039;impliquer davantage les forces politiques et sociales, pas seulement dans les territoires susmentionn\u00e9s, pour voir un service social tel que la Poste reconnu<\/p>\n<p style=\"text-align: center;\"><strong>INVITER<\/strong><\/p>\n<p>l\u00e0 <strong>Secr\u00e9tariat R\u00e9gional Fnp \u2013 Cisl<\/strong>\u00a0 de cartographier les diff\u00e9rentes r\u00e9gions \u00e9miliennes touch\u00e9es par le probl\u00e8me et, avec Anteas, de promouvoir toutes les initiatives n\u00e9cessaires, tant au niveau r\u00e9gional que national, compte tenu du grand nombre de bureaux concern\u00e9s par cette r\u00e9organisation.<\/p>\n<p>Le Conseil G\u00e9n\u00e9ral, en approuvant cette proposition, est confiant que le Fnp-Cisl de Ferrare et ANTEAS auront de nouveaux \u00e9l\u00e9ments \u00e0 apporter aux discussions avec les Administrations Publiques, validant les efforts r\u00e9alis\u00e9s jusqu&#039;\u00e0 pr\u00e9sent.<\/p>\n<p style=\"text-align: left;\">Ferrare 11\/09\/2016\u00a0\u00a0\u00a0\u00a0\u00a0\u00a0\u00a0\u00a0\u00a0\u00a0\u00a0\u00a0\u00a0\u00a0\u00a0\u00a0\u00a0\u00a0\u00a0\u00a0\u00a0\u00a0\u00a0\u00a0\u00a0\u00a0\u00a0\u00a0\u00a0\u00a0\u00a0\u00a0\u00a0\u00a0\u00a0\u00a0\u00a0\u00a0\u00a0\u00a0\u00a0\u00a0\u00a0\u00a0\u00a0\u00a0\u00a0\u00a0\u00a0\u00a0\u00a0\u00a0\u00a0\u00a0\u00a0\u00a0\u00a0\u00a0\u00a0\u00a0\u00a0\u00a0\u00a0\u00a0\u00a0\u00a0\u00a0\u00a0\u00a0\u00a0\u00a0\u00a0\u00a0\u00a0\u00a0\u00a0\u00a0\u00a0\u00a0\u00a0\u00a0\u00a0\u00a0\u00a0\u00a0\u00a0\u00a0\u00a0\u00a0\u00a0\u00a0\u00a0\u00a0\u00a0\u00a0\u00a0\u00a0\u00a0\u00a0\u00a0\u00a0\u00a0\u00a0\u00a0\u00a0 <strong>Approuv\u00e9 \u00e0 l&#039;unanimit\u00e9<\/strong><\/p>","protected":false},"excerpt":{"rendered":"<p>Chers tous, Voici le point de l&#039;ordre du jour, approuv\u00e9 par le Conseil g\u00e9n\u00e9ral de la FNP-CISL de Ferrare le 9 novembre 2011, en soutien au conflit contre la fermeture indiscrimin\u00e9e de\u2026<\/p>","protected":false},"author":3,"featured_media":1987,"comment_status":"closed","ping_status":"closed","sticky":false,"template":"","format":"standard","meta":{"footnotes":""},"categories":[19,16],"tags":[],"class_list":{"0":"post-2317","1":"post","2":"type-post","3":"status-publish","4":"format-standard","5":"has-post-thumbnail","7":"category-cisl-ferrara","8":"category-fnp"},"_links":{"self":[{"href":"https:\/\/www.cislferrara.it\/fr\/wp-json\/wp\/v2\/posts\/2317","targetHints":{"allow":["GET"]}}],"collection":[{"href":"https:\/\/www.cislferrara.it\/fr\/wp-json\/wp\/v2\/posts"}],"about":[{"href":"https:\/\/www.cislferrara.it\/fr\/wp-json\/wp\/v2\/types\/post"}],"author":[{"embeddable":true,"href":"https:\/\/www.cislferrara.it\/fr\/wp-json\/wp\/v2\/users\/3"}],"replies":[{"embeddable":true,"href":"https:\/\/www.cislferrara.it\/fr\/wp-json\/wp\/v2\/comments?post=2317"}],"version-history":[{"count":0,"href":"https:\/\/www.cislferrara.it\/fr\/wp-json\/wp\/v2\/posts\/2317\/revisions"}],"wp:featuredmedia":[{"embeddable":true,"href":"https:\/\/www.cislferrara.it\/fr\/wp-json\/wp\/v2\/media\/1987"}],"wp:attachment":[{"href":"https:\/\/www.cislferrara.it\/fr\/wp-json\/wp\/v2\/media?parent=2317"}],"wp:term":[{"taxonomy":"category","embeddable":true,"href":"https:\/\/www.cislferrara.it\/fr\/wp-json\/wp\/v2\/categories?post=2317"},{"taxonomy":"post_tag","embeddable":true,"href":"https:\/\/www.cislferrara.it\/fr\/wp-json\/wp\/v2\/tags?post=2317"}],"curies":[{"name":"wp","href":"https:\/\/api.w.org\/{rel}","templated":true}]}}