{"id":2306,"date":"2016-09-30T11:53:31","date_gmt":"2016-09-30T09:53:31","guid":{"rendered":"http:\/\/www.cislferrara.it\/?p=2306"},"modified":"2016-11-10T09:43:37","modified_gmt":"2016-11-10T08:43:37","slug":"la-chiusura-d4e","status":"publish","type":"post","link":"https:\/\/www.cislferrara.it\/fr\/la-chiusura-d4e\/","title":{"rendered":"FNP : NON \u00c0 UN CHOIX JUDICIAIRE SUR LA FERMETURE DES BUREAUX DE POSTE"},"content":{"rendered":"<p>Le FNP-CISL, le syndicat des retrait\u00e9s de la CISL, partage pleinement les raisons qui ont pouss\u00e9 les postiers \u00e0 organiser une manifestation jeudi dernier devant le bureau de poste de Cento avec le message : \u00ab Poste Italiane ne doit pas \u00eatre brad\u00e9e \u00bb.<\/p>\n<p>En tant que retrait\u00e9s, nous sommes tr\u00e8s pr\u00e9occup\u00e9s par le fait que cette op\u00e9ration entra\u00eenera la fermeture d\u2019un SERVICE PUBLIC tr\u00e8s important.<\/p>\n<p>&nbsp;<\/p>\n<p><strong><em>Nous avons d\u00e9j\u00e0 soutenu cela dans des lettres ouvertes du 26 juin et du 13 juillet, rest\u00e9es sans r\u00e9ponse, et nous r\u00e9it\u00e9rons que la fermeture d&#039;un bureau de poste, comme ceux de Reno Centese, Masi San Giacomo ou Montesanto, ne peut \u00eatre laiss\u00e9e uniquement \u00e0 la d\u00e9cision du pouvoir judiciaire (d\u00e9cision du Conseil d&#039;\u00c9tat).<\/em><\/strong><\/p>\n<p><strong><em>\u00a0<\/em><\/strong><\/p>\n<p>En tant que retrait\u00e9s du CISL, tout en r\u00e9it\u00e9rant notre soutien aux travailleurs des postes, nous exhortons les secteurs politique et administratif \u00e0 revoir la question des bureaux de poste en tant que SERVICE important et indispensable pour les plus vuln\u00e9rables.<\/p>\n<p>La question de la r\u00e9organisation des bureaux ne peut \u00eatre laiss\u00e9e \u00e0 la seule appr\u00e9ciation \u00e9conomique de Poste Italiane. Comme nous l&#039;avons soulign\u00e9 \u00e0 plusieurs reprises, l&#039;impact social sur le territoire et les b\u00e9n\u00e9fices qui en d\u00e9coulent doivent \u00e9galement \u00eatre pris en compte.<\/p>\n<p>Nous demandons aux responsables politiques, notamment aux maires, de rouvrir ce d\u00e9bat avec la plus large participation possible de la soci\u00e9t\u00e9.<\/p>\n<p>Notre position n\u2019est donc pas seulement celle de la solidarit\u00e9 avec les travailleurs du secteur, que nous soutenons, mais aussi celle de la d\u00e9fense des services importants pour les retrait\u00e9s.<\/p>\n<p>&nbsp;<\/p>\n<p>Sergio Dalbuono<\/p>\n<p>FNP \u2013 Secr\u00e9taire Territorial CISL<\/p>\n<p>&nbsp; <\/p>","protected":false},"excerpt":{"rendered":"<p>Le FNP-CISL, syndicat des retrait\u00e9s de la CISL, partage pleinement les raisons qui ont pouss\u00e9 les postiers \u00e0 manifester devant le bureau de poste jeudi dernier\u2026<\/p>","protected":false},"author":3,"featured_media":1987,"comment_status":"closed","ping_status":"closed","sticky":false,"template":"","format":"standard","meta":{"footnotes":""},"categories":[16],"tags":[],"class_list":{"0":"post-2306","1":"post","2":"type-post","3":"status-publish","4":"format-standard","5":"has-post-thumbnail","7":"category-fnp"},"_links":{"self":[{"href":"https:\/\/www.cislferrara.it\/fr\/wp-json\/wp\/v2\/posts\/2306","targetHints":{"allow":["GET"]}}],"collection":[{"href":"https:\/\/www.cislferrara.it\/fr\/wp-json\/wp\/v2\/posts"}],"about":[{"href":"https:\/\/www.cislferrara.it\/fr\/wp-json\/wp\/v2\/types\/post"}],"author":[{"embeddable":true,"href":"https:\/\/www.cislferrara.it\/fr\/wp-json\/wp\/v2\/users\/3"}],"replies":[{"embeddable":true,"href":"https:\/\/www.cislferrara.it\/fr\/wp-json\/wp\/v2\/comments?post=2306"}],"version-history":[{"count":0,"href":"https:\/\/www.cislferrara.it\/fr\/wp-json\/wp\/v2\/posts\/2306\/revisions"}],"wp:featuredmedia":[{"embeddable":true,"href":"https:\/\/www.cislferrara.it\/fr\/wp-json\/wp\/v2\/media\/1987"}],"wp:attachment":[{"href":"https:\/\/www.cislferrara.it\/fr\/wp-json\/wp\/v2\/media?parent=2306"}],"wp:term":[{"taxonomy":"category","embeddable":true,"href":"https:\/\/www.cislferrara.it\/fr\/wp-json\/wp\/v2\/categories?post=2306"},{"taxonomy":"post_tag","embeddable":true,"href":"https:\/\/www.cislferrara.it\/fr\/wp-json\/wp\/v2\/tags?post=2306"}],"curies":[{"name":"wp","href":"https:\/\/api.w.org\/{rel}","templated":true}]}}