{"id":2287,"date":"2016-08-30T16:42:15","date_gmt":"2016-08-30T14:42:15","guid":{"rendered":"http:\/\/www.cislferrara.it\/?p=2287"},"modified":"2016-08-30T16:42:57","modified_gmt":"2016-08-30T14:42:57","slug":"sit-in-contro-la-privatizzazione-di-poste","status":"publish","type":"post","link":"https:\/\/www.cislferrara.it\/fr\/sit-in-contro-la-privatizzazione-di-poste\/","title":{"rendered":"Les sit-in contre la privatisation de La Poste se poursuivent"},"content":{"rendered":"<p>Les sit-in de SLP CISL, SLC CGIL et UIL Poste di Ferrara continuent de sensibiliser les citoyens aux risques de la privatisation imminente et future de Poste Italiane.<\/p>\n<p align=\"CENTER\">Le travail de sensibilisation des politiciens et des administrateurs locaux se poursuit \u00e9galement : le SLP CISL \u00e9crit aux maires de Cento et Copparo, les deux communes o\u00f9 se tiendront les prochains sit-in.<\/p>\n<p align=\"CENTER\"><span style=\"font-size: large;\">Voici les raisons de nos sit-in<b>: <\/b><\/span><\/p>\n<p align=\"CENTER\"><span style=\"font-size: large;\"><b>Non \u00e0 toute nouvelle cession d&#039;actions de Poste Italiane<br \/>\npar le gouvernement : un risque important pour les travailleurs et les citoyens<br \/>\nLa \u00ab vente \u00bb de Poste ne profitera \u00e0 personne<\/b><\/span><\/p>\n<p align=\"JUSTIFY\"><span style=\"font-size: medium;\">Dans les semaines \u00e0 venir \u00e0 la Chambre (<\/span><span style=\"font-size: medium;\"><i>la commission s\u00e9natoriale comp\u00e9tente a d\u00e9j\u00e0 exprim\u00e9 son avis en juillet<\/i><\/span><span style=\"font-size: medium;\">) seront discut\u00e9s <\/span><span style=\"color: #333333;\"><span style=\"font-size: medium;\">sur les crit\u00e8res de privatisation et les modalit\u00e9s de cession d&#039;une part suppl\u00e9mentaire de la participation, d\u00e9tenue par le minist\u00e8re de l&#039;\u00c9conomie et des Finances, dans le capital de Poste Italiane Spa (\u00e9gale \u00e0 29,7%)<\/span><\/span><span style=\"font-size: medium;\">.<\/span><\/p>\n<p align=\"JUSTIFY\"><span style=\"font-size: medium;\">Nous sommes convaincus que ce d\u00e9bat ne doit pas rester confin\u00e9 dans les murs du Parlement ou du Palazzo Chigi mais, au contraire, pr\u00e9cis\u00e9ment en raison de l\u2019importante fonction sociale de Poste Italiane \u2013 qui est, encore aujourd\u2019hui, la plus grande entreprise de services de notre pays \u2013 la question de la \u00ab vente \u00bb de Poste doit \u00eatre dans le domaine public.<\/span><\/p>\n<p align=\"JUSTIFY\"><span style=\"font-size: medium;\"><b>Nous croyons \u00e9galement que Poste Italiane, une entreprise avec plus de 160 ans d\u2019histoire, n\u2019appartient pas seulement \u00e0 l\u2019\u00c9tat ou \u00e0 un investisseur institutionnel (<\/b><\/span><span style=\"font-size: medium;\"><i><b>voir les fonds souverains des pays \u00e9trangers etc\u2026<\/b><\/i><\/span><span style=\"font-size: medium;\"><b>) mais c&#039;est la propri\u00e9t\u00e9 \u00ab morale \u00bb de toute la population de notre pays en m\u00eame temps que la propri\u00e9t\u00e9 mat\u00e9rielle de tous ces citoyens libres qui ont achet\u00e9, l&#039;ann\u00e9e derni\u00e8re, des actions de Poste convaincus qu&#039;ils savaient qui d\u00e9tenait la majorit\u00e9 des actions (<\/b><\/span><span style=\"font-size: medium;\"><i><b>l&#039;\u00c9tat par l&#039;interm\u00e9diaire du MEF<\/b><\/i><\/span><span style=\"font-size: medium;\"><b>) et quelle \u00e9tait la \u00ab mission \u00bb de l\u2019entreprise.<\/b><\/span><\/p>\n<p align=\"JUSTIFY\"><span style=\"font-size: medium;\">Depuis la date de la premi\u00e8re tranche du placement d&#039;actions (octobre 2015), il y a eu <\/span><span style=\"font-size: medium;\"><b>deux situations qui ne peuvent que nous inqui\u00e9ter, en tant que repr\u00e9sentants des travailleurs, et qui devraient inqui\u00e9ter les citoyens eux-m\u00eames :<\/b><\/span><span style=\"font-size: medium;\"> en peu de temps, en fait, le gouvernement a d\u00e9cid\u00e9 (<\/span><span style=\"font-size: medium;\"><i><b>Cette mesure a d\u00e9j\u00e0 \u00e9t\u00e9 mise en \u0153uvre<\/b><\/i><\/span><span style=\"font-size: medium;\">) de transf\u00e9rer \u00e0 la Cassa Depositi e Prestiti (CDP) 35% d&#039;actions Poste et, en outre, se pr\u00e9pare \u00e0 vendre (<\/span><span style=\"font-size: medium;\"><i>un placement suppl\u00e9mentaire devrait avoir lieu en automne<\/i><\/span><span style=\"font-size: medium;\">o) le reste du package d&#039;actions (29,7%) <\/span><\/p>\n<p align=\"JUSTIFY\"><span style=\"font-size: medium;\"><b>Sur le premier th\u00e8me<\/b><\/span><span style=\"font-size: medium;\"> Nous souhaitons signaler un conflit d&#039;int\u00e9r\u00eat potentiel : CDP g\u00e9n\u00e8re 80% de ses actifs \u00e0 partir de la collecte de l&#039;\u00e9pargne postale et, \u00e9tant donn\u00e9 que la relation entre les deux institutions pr\u00e9voit des commissions n\u00e9goci\u00e9es p\u00e9riodiquement, nous nous demandons comment il est possible de surmonter, dans la n\u00e9gociation des commissions elles-m\u00eames, l&#039;ambigu\u00eft\u00e9 qui, \u00e0 notre avis, investit CDP dans le double r\u00f4le d&#039;actionnaire (de l&#039;agent de placement) et d&#039;\u00e9metteur de Certificats d&#039;Epargne Postale et de livrets d&#039;\u00e9pargne postale.<\/span><\/p>\n<p align=\"JUSTIFY\"><span style=\"font-size: medium;\">A cela il faut ajouter, pour ceux qui l&#039;ignorent, qu&#039;une partie de la CDP est contr\u00f4l\u00e9e par des fondations bancaires, qui sont des concurrents naturels de la Poste, et qui pourraient tomber dans la tentation de pousser \u00e0 mettre sur le march\u00e9, \u00e9galement, celle du 35%, pr\u00e9figurant la privatisation totale du groupe. <\/span><\/p>\n<p align=\"JUSTIFY\"><span style=\"font-size: medium;\"><b>La deuxi\u00e8me situation (seconde mais non secondaire) concerne le changement presque certain de la structure de propri\u00e9t\u00e9<\/b><\/span><span style=\"font-size: medium;\">. Ceux qui ont achet\u00e9 et ach\u00e8teront un paquet important d\u2019actions (<\/span><span style=\"font-size: medium;\"><i><b>nous faisons r\u00e9f\u00e9rence aux investisseurs institutionnels<\/b><\/i><\/span><span style=\"font-size: medium;\">) ne sera certainement pas int\u00e9ress\u00e9 par le service universel (<\/span><span style=\"font-size: medium;\"><i>un service qui est par nature co\u00fbteux et ne g\u00e9n\u00e8re pas de profits<\/i><\/span><span style=\"font-size: medium;\">) mais au contraire ils seront orient\u00e9s vers <\/span><span style=\"font-size: medium;\"><b>d\u00e9former l&#039;ADN de Poste Italiane en s&#039;orientant de plus en plus vers le d\u00e9veloppement d&#039;activit\u00e9s financi\u00e8res (<\/b><\/span><span style=\"font-size: medium;\"><i><b>La vocation de Poste Italiane n&#039;est pas de devenir une banque !!!!!<\/b><\/i><\/span><span style=\"font-size: medium;\"><b>).<\/b><\/span><\/p>\n<p align=\"JUSTIFY\"><span style=\"font-size: medium;\"><b>Apr\u00e8s la vente totale de Poste Italiane, qui aura plus int\u00e9r\u00eat \u00e0 distribuer le courrier \u00e0 Gorino plut\u00f4t qu&#039;aux petits villages perch\u00e9s sur les Apennins \u00e9miliens ? Qui aura int\u00e9r\u00eat \u00e0 maintenir ouverts des bureaux de poste petits et non rentables ?<\/b><\/span><span style=\"font-size: medium;\">. La capillarit\u00e9 du r\u00e9seau postal constitue une opportunit\u00e9 unique d\u2019offrir aux citoyens italiens une s\u00e9rie de services en \u00e9change, \u00e9videmment, d\u2019investissements de l\u2019\u00c9tat. Il nous semble que si l\u2019\u00c9tat pr\u00e9f\u00e8re laisser l\u2019entreprise entre des mains priv\u00e9es, il ne veut pas saisir cette opportunit\u00e9.<\/span><\/p>\n<p align=\"JUSTIFY\"><span style=\"font-size: medium;\"><b>Le dernier aspect que nous souhaitons vous soumettre concerne les raisons de la vente exprim\u00e9es par le Gouvernement : r\u00e9duire la dette publique !!!<\/b><\/span><\/p>\n<p align=\"JUSTIFY\"><span style=\"font-size: medium;\"><b>Savez-vous, compte tenu de la situation sur les march\u00e9s financiers, combien l\u2019\u00c9tat pourrait percevoir gr\u00e2ce \u00e0 cette vente ? Peut-\u00eatre un peu plus de 2 milliards d\u2019euros. Une goutte d&#039;eau dans l&#039;oc\u00e9an !! Un pur \u00ab sold out \u00bb !!!<\/b><\/span><\/p>\n<p align=\"JUSTIFY\"><span style=\"font-size: medium;\">Nous faisons notre part \u00e0 tous les niveaux, \u00e0 tel point que la commission comp\u00e9tente de la Chambre a report\u00e9 le d\u00e9bat \u00e0 septembre pour une \u00e9tude plus approfondie. Un premier r\u00e9sultat de l&#039;action syndicale au niveau national. <\/span><\/p>\n<p align=\"JUSTIFY\"><span style=\"font-size: medium;\"><b>Nous vous demandons donc de ne pas mettre cette question au second plan mais, au contraire, de sensibiliser \u00e9galement les politiques, \u00e0 tous les niveaux, sur votre territoire, afin qu&#039;ils s&#039;expriment et clarifient si Poste doit \u00eatre plac\u00e9e enti\u00e8rement entre des mains priv\u00e9es ou si son r\u00f4le social, au b\u00e9n\u00e9fice des citoyens, doit \u00eatre sauvegard\u00e9 et garanti par l&#039;\u00c9tat.<\/b><\/span><\/p>\n<p align=\"JUSTIFY\"><span style=\"font-size: medium;\"><i><b>Nous pensons que nos doutes sont l\u00e9gitimes et fond\u00e9s, et que sont tout aussi fond\u00e9es les inqui\u00e9tudes quant aux r\u00e9percussions que pourrait avoir, apr\u00e8s la privatisation totale, sur le personnel de l&#039;entreprise et, en m\u00eame temps, <\/b><\/i><\/span><span style=\"font-size: medium;\"><i><span style=\"text-decoration: underline;\"><b>nous sommes certains que notre pays n\u2019a pas besoin de se r\u00e9veiller, un jour, avec une banque de plus et beaucoup moins de bureaux de poste. <\/b><\/span><\/i><\/span><\/p>\n<p align=\"JUSTIFY\"><span style=\"font-size: medium;\"><i>Septembre 2016<\/i><\/span><\/p>\n<p align=\"JUSTIFY\"><span style=\"font-size: medium;\"><i>Les secr\u00e9tariats provinciaux SLP CISL SLC CGIL UIL POSTE Ferrara<\/i><\/span><\/p>","protected":false},"excerpt":{"rendered":"<p>Non \u00e0 la poursuite de la privatisation de Poste Italiane par le gouvernement\u00a0: un risque majeur pour les travailleurs et les citoyens. La \u00ab\u00a0vente\u00a0\u00bb de Poste Italiane ne profitera \u00e0 personne.<\/p>","protected":false},"author":3,"featured_media":2289,"comment_status":"closed","ping_status":"closed","sticky":false,"template":"","format":"standard","meta":{"footnotes":""},"categories":[19,10],"tags":[146,141],"class_list":{"0":"post-2287","1":"post","2":"type-post","3":"status-publish","4":"format-standard","5":"has-post-thumbnail","7":"category-cisl-ferrara","8":"category-slp","9":"tag-poste-italiane","10":"tag-privatizzazione-poste"},"_links":{"self":[{"href":"https:\/\/www.cislferrara.it\/fr\/wp-json\/wp\/v2\/posts\/2287","targetHints":{"allow":["GET"]}}],"collection":[{"href":"https:\/\/www.cislferrara.it\/fr\/wp-json\/wp\/v2\/posts"}],"about":[{"href":"https:\/\/www.cislferrara.it\/fr\/wp-json\/wp\/v2\/types\/post"}],"author":[{"embeddable":true,"href":"https:\/\/www.cislferrara.it\/fr\/wp-json\/wp\/v2\/users\/3"}],"replies":[{"embeddable":true,"href":"https:\/\/www.cislferrara.it\/fr\/wp-json\/wp\/v2\/comments?post=2287"}],"version-history":[{"count":0,"href":"https:\/\/www.cislferrara.it\/fr\/wp-json\/wp\/v2\/posts\/2287\/revisions"}],"wp:featuredmedia":[{"embeddable":true,"href":"https:\/\/www.cislferrara.it\/fr\/wp-json\/wp\/v2\/media\/2289"}],"wp:attachment":[{"href":"https:\/\/www.cislferrara.it\/fr\/wp-json\/wp\/v2\/media?parent=2287"}],"wp:term":[{"taxonomy":"category","embeddable":true,"href":"https:\/\/www.cislferrara.it\/fr\/wp-json\/wp\/v2\/categories?post=2287"},{"taxonomy":"post_tag","embeddable":true,"href":"https:\/\/www.cislferrara.it\/fr\/wp-json\/wp\/v2\/tags?post=2287"}],"curies":[{"name":"wp","href":"https:\/\/api.w.org\/{rel}","templated":true}]}}